{"id":19170,"date":"2020-11-24T20:36:57","date_gmt":"2020-11-24T20:36:57","guid":{"rendered":"https:\/\/blogdorogeriogomes.com.br\/?p=19170"},"modified":"2020-11-26T08:03:28","modified_gmt":"2020-11-26T08:03:28","slug":"camilo-santana-autoriza-formacao-de-comissoes-para-novo-concurso-da-seguranca-publica","status":"publish","type":"post","link":"https:\/\/blogdorogeriogomes.com.br\/noticias\/2020\/11\/camilo-santana-autoriza-formacao-de-comissoes-para-novo-concurso-da-seguranca-publica\/","title":{"rendered":"Camilo Santana autoriza forma\u00e7\u00e3o de comiss\u00f5es para novo concurso da Seguran\u00e7a P\u00fablica"},"content":{"rendered":"\n<p>O Governo do Cear\u00e1 avan\u00e7a para a realiza\u00e7\u00e3o de novo concurso para a \u00e1rea de Seguran\u00e7a P\u00fablica. Nesta ter\u00e7a-feira, dia 24 de novembro, o governador Camilo Santana autorizou a forma\u00e7\u00e3o das comiss\u00f5es respons\u00e1veis para execu\u00e7\u00e3o do processo seletivo estadual.<\/p>\n\n\n\n<p>Na semana passada, o chefe executivo j\u00e1 havia anunciado que lan\u00e7aria em breve o concurso para as For\u00e7as de Seguran\u00e7a. A previs\u00e3o de Camilo \u00e9 de 3.128 vagas: 2.200 para Pol\u00edcia Militar, 500 para a Pol\u00edcia Civil e 170 para a Per\u00edcia Forense do Cear\u00e1 (Pefoce).<\/p>\n\n\n\n<p>O governador destacou, naquela mesma ocasi\u00e3o, as contrata\u00e7\u00f5es feitas durante os seus dois mandatos em todas as corpora\u00e7\u00f5es. De 2015 at\u00e9 hoje, o Governo do Cear\u00e1 chamou mais de 6 mil policiais militares, 1.345 policiais civis, 505 bombeiros, e 121 profissionais forenses. O Estado do Cear\u00e1 totaliza 24.907 oficiais na corpora\u00e7\u00e3o da Seguran\u00e7a P\u00fablica.<\/p>\n\n\n\n<p>No in\u00edcio de 2021, o Governo Estadual planeja o retorno do per\u00edodo letivo junto ao chamamento dos concursados do \u00faltimo concurso da Secretaria da Educa\u00e7\u00e3o do Cear\u00e1 (Seduc). Para a Secretaria da Sa\u00fade (Sesa), h\u00e1 previs\u00e3o de ser lan\u00e7ado um novo concurso, com vagas de m\u00e9dicos, enfermeiros e outras especialidades, a serem preenchidas na Funda\u00e7\u00e3o de Sa\u00fade do Cear\u00e1, criada pelo Governo do Cear\u00e1 em setembro \u00faltimo.<\/p>\n\n\n\n<figure class=\"wp-block-image size-large\"><img loading=\"lazy\" decoding=\"async\" width=\"739\" height=\"415\" src=\"https:\/\/blogdorogeriogomes.com.br\/wp-content\/uploads\/2020\/11\/images-26-1.jpeg\" alt=\"\" class=\"wp-image-19171\" srcset=\"https:\/\/blogdorogeriogomes.com.br\/noticias\/wp-content\/uploads\/2020\/11\/images-26-1.jpeg 739w, https:\/\/blogdorogeriogomes.com.br\/noticias\/wp-content\/uploads\/2020\/11\/images-26-1-300x168.jpeg 300w\" sizes=\"auto, (max-width: 739px) 100vw, 739px\" \/><\/figure>\n","protected":false},"excerpt":{"rendered":"<p>O Governo do Cear\u00e1 avan\u00e7a para a realiza\u00e7\u00e3o de novo concurso para a \u00e1rea de Seguran\u00e7a P\u00fablica. Nesta ter\u00e7a-feira, dia 24 de novembro, o governador Camilo Santana autorizou a forma\u00e7\u00e3o das comiss\u00f5es respons\u00e1veis para execu\u00e7\u00e3o do processo seletivo estadual. Na semana passada, o chefe executivo j\u00e1 havia anunciado que lan\u00e7aria em breve o concurso para as For\u00e7as de Seguran\u00e7a. A previs\u00e3o de Camilo \u00e9 de 3.128 vagas: 2.200 para Pol\u00edcia Militar, 500 para a Pol\u00edcia Civil e 170 para&hellip;<\/p>\n","protected":false},"author":1,"featured_media":19171,"comment_status":"open","ping_status":"open","sticky":false,"template":"","format":"standard","meta":{"footnotes":""},"categories":[1],"tags":[],"class_list":["post-19170","post","type-post","status-publish","format-standard","has-post-thumbnail","hentry","category-noticias"],"_links":{"self":[{"href":"https:\/\/blogdorogeriogomes.com.br\/noticias\/wp-json\/wp\/v2\/posts\/19170","targetHints":{"allow":["GET"]}}],"collection":[{"href":"https:\/\/blogdorogeriogomes.com.br\/noticias\/wp-json\/wp\/v2\/posts"}],"about":[{"href":"https:\/\/blogdorogeriogomes.com.br\/noticias\/wp-json\/wp\/v2\/types\/post"}],"author":[{"embeddable":true,"href":"https:\/\/blogdorogeriogomes.com.br\/noticias\/wp-json\/wp\/v2\/users\/1"}],"replies":[{"embeddable":true,"href":"https:\/\/blogdorogeriogomes.com.br\/noticias\/wp-json\/wp\/v2\/comments?post=19170"}],"version-history":[{"count":1,"href":"https:\/\/blogdorogeriogomes.com.br\/noticias\/wp-json\/wp\/v2\/posts\/19170\/revisions"}],"predecessor-version":[{"id":19172,"href":"https:\/\/blogdorogeriogomes.com.br\/noticias\/wp-json\/wp\/v2\/posts\/19170\/revisions\/19172"}],"wp:featuredmedia":[{"embeddable":true,"href":"https:\/\/blogdorogeriogomes.com.br\/noticias\/wp-json\/wp\/v2\/media\/19171"}],"wp:attachment":[{"href":"https:\/\/blogdorogeriogomes.com.br\/noticias\/wp-json\/wp\/v2\/media?parent=19170"}],"wp:term":[{"taxonomy":"category","embeddable":true,"href":"https:\/\/blogdorogeriogomes.com.br\/noticias\/wp-json\/wp\/v2\/categories?post=19170"},{"taxonomy":"post_tag","embeddable":true,"href":"https:\/\/blogdorogeriogomes.com.br\/noticias\/wp-json\/wp\/v2\/tags?post=19170"}],"curies":[{"name":"wp","href":"https:\/\/api.w.org\/{rel}","templated":true}]}}