{"id":19179,"date":"2020-11-25T20:20:00","date_gmt":"2020-11-25T20:20:00","guid":{"rendered":"https:\/\/blogdorogeriogomes.com.br\/?p=19179"},"modified":"2020-11-26T08:05:09","modified_gmt":"2020-11-26T08:05:09","slug":"jose-sarto-diminui-ritmo-de-campanha-e-wagner-intensifica-agendas-de-apelo-publico-na-reta-final-das-eleicoes-em-fortaleza","status":"publish","type":"post","link":"https:\/\/blogdorogeriogomes.com.br\/noticias\/2020\/11\/jose-sarto-diminui-ritmo-de-campanha-e-wagner-intensifica-agendas-de-apelo-publico-na-reta-final-das-eleicoes-em-fortaleza\/","title":{"rendered":"Jos\u00e9 Sarto diminui ritmo de campanha e Wagner intensifica agendas de apelo p\u00fablico na reta final das elei\u00e7\u00f5es em Fortaleza"},"content":{"rendered":"\n<p>Os eleitores de Fortaleza est\u00e3o a quatro dias de definir quem ser\u00e1 o novo prefeito da cidade. Segundo as \u00faltimas pesquisas, Jos\u00e9 Sarto (PDT) segue \u00e0 frente de Capit\u00e3o Wagner (Pros) na disputa. O contexto faz com que os dois candidatos invistam em atividades distintas nas suas campanhas nesta reta final.<\/p>\n\n\n\n<p>Sarto conta com apoio do grupo formado por prefeito Roberto Cl\u00e1udio (PDT), governador Camilo Santana (PT), senador Cid Gomes (PDT) e Ciro Gomes (PDT). Al\u00e9m disso, acumula o apoio da maioria dos partidos neste segundo turno: ao todo s\u00e3o 17 partidos (PT, PL, PP, PSD, PSDB, PSB, PDT, DEM, PTB, SD, PSOL, PCdoB, Cidadania, Patriota, PV, Rede e UP).<\/p>\n\n\n\n<p>Esta realidade fez o candidato pedetista preferir agendas internas nos \u00faltimos dias antes da vota\u00e7\u00e3o, com grava\u00e7\u00e3o de pe\u00e7as publicit\u00e1rias, reuni\u00f5es estrat\u00e9gicas e entrevistas \u00e0 imprensa.<\/p>\n\n\n\n<p>Capit\u00e3o Wagner busca reverter o quadro apresentado pelas inten\u00e7\u00f5es de votos na Capital. Sem sucesso na articula\u00e7\u00e3o de alian\u00e7as para esta etapa do pleito, o prefeitur\u00e1vel do Pros realiza agendas de rua em locais de grande fluxo da Capital, como a Pra\u00e7a do Ferreira, no Centro. Wagner concluir\u00e1 a sua campanha com o evento &#8220;Pedal com Capit\u00e3o&#8221;, convocando a milit\u00e2ncia para a mobiliza\u00e7\u00e3o presencial.<\/p>\n\n\n\n<p>Nesta sexta-feira, dia 27, \u00e0s 22h30min, os candidatos participam do \u00faltimo debate das elei\u00e7\u00f5es, transmitido por TV Verdes Mares e R\u00e1dio Verdinha. O segundo turno ocorre no pr\u00f3ximo domingo, dia 29 de novembro.<\/p>\n\n\n\n<figure class=\"wp-block-image size-large\"><img loading=\"lazy\" decoding=\"async\" width=\"550\" height=\"309\" src=\"https:\/\/blogdorogeriogomes.com.br\/wp-content\/uploads\/2020\/11\/Candidatos-em-Fortaleza.jpg\" alt=\"\" class=\"wp-image-19180\" srcset=\"https:\/\/blogdorogeriogomes.com.br\/noticias\/wp-content\/uploads\/2020\/11\/Candidatos-em-Fortaleza.jpg 550w, https:\/\/blogdorogeriogomes.com.br\/noticias\/wp-content\/uploads\/2020\/11\/Candidatos-em-Fortaleza-300x169.jpg 300w\" sizes=\"auto, (max-width: 550px) 100vw, 550px\" \/><\/figure>\n","protected":false},"excerpt":{"rendered":"<p>Os eleitores de Fortaleza est\u00e3o a quatro dias de definir quem ser\u00e1 o novo prefeito da cidade. Segundo as \u00faltimas pesquisas, Jos\u00e9 Sarto (PDT) segue \u00e0 frente de Capit\u00e3o Wagner (Pros) na disputa. O contexto faz com que os dois candidatos invistam em atividades distintas nas suas campanhas nesta reta final. Sarto conta com apoio do grupo formado por prefeito Roberto Cl\u00e1udio (PDT), governador Camilo Santana (PT), senador Cid Gomes (PDT) e Ciro Gomes (PDT). Al\u00e9m disso, acumula o&hellip;<\/p>\n","protected":false},"author":1,"featured_media":19180,"comment_status":"open","ping_status":"open","sticky":false,"template":"","format":"standard","meta":{"footnotes":""},"categories":[1],"tags":[],"class_list":["post-19179","post","type-post","status-publish","format-standard","has-post-thumbnail","hentry","category-noticias"],"_links":{"self":[{"href":"https:\/\/blogdorogeriogomes.com.br\/noticias\/wp-json\/wp\/v2\/posts\/19179","targetHints":{"allow":["GET"]}}],"collection":[{"href":"https:\/\/blogdorogeriogomes.com.br\/noticias\/wp-json\/wp\/v2\/posts"}],"about":[{"href":"https:\/\/blogdorogeriogomes.com.br\/noticias\/wp-json\/wp\/v2\/types\/post"}],"author":[{"embeddable":true,"href":"https:\/\/blogdorogeriogomes.com.br\/noticias\/wp-json\/wp\/v2\/users\/1"}],"replies":[{"embeddable":true,"href":"https:\/\/blogdorogeriogomes.com.br\/noticias\/wp-json\/wp\/v2\/comments?post=19179"}],"version-history":[{"count":1,"href":"https:\/\/blogdorogeriogomes.com.br\/noticias\/wp-json\/wp\/v2\/posts\/19179\/revisions"}],"predecessor-version":[{"id":19181,"href":"https:\/\/blogdorogeriogomes.com.br\/noticias\/wp-json\/wp\/v2\/posts\/19179\/revisions\/19181"}],"wp:featuredmedia":[{"embeddable":true,"href":"https:\/\/blogdorogeriogomes.com.br\/noticias\/wp-json\/wp\/v2\/media\/19180"}],"wp:attachment":[{"href":"https:\/\/blogdorogeriogomes.com.br\/noticias\/wp-json\/wp\/v2\/media?parent=19179"}],"wp:term":[{"taxonomy":"category","embeddable":true,"href":"https:\/\/blogdorogeriogomes.com.br\/noticias\/wp-json\/wp\/v2\/categories?post=19179"},{"taxonomy":"post_tag","embeddable":true,"href":"https:\/\/blogdorogeriogomes.com.br\/noticias\/wp-json\/wp\/v2\/tags?post=19179"}],"curies":[{"name":"wp","href":"https:\/\/api.w.org\/{rel}","templated":true}]}}