{"id":19185,"date":"2020-11-26T09:24:07","date_gmt":"2020-11-26T09:24:07","guid":{"rendered":"https:\/\/blogdorogeriogomes.com.br\/?p=19185"},"modified":"2020-11-26T09:59:12","modified_gmt":"2020-11-26T09:59:12","slug":"projeto-sao-jose-iv-abre-nova-perspectiva-para-trabalhadores-da-agricultura-familiar-no-interior-do-ceara","status":"publish","type":"post","link":"https:\/\/blogdorogeriogomes.com.br\/noticias\/2020\/11\/projeto-sao-jose-iv-abre-nova-perspectiva-para-trabalhadores-da-agricultura-familiar-no-interior-do-ceara\/","title":{"rendered":"Projeto S\u00e3o Jos\u00e9 IV abre nova perspectiva para trabalhadores da agricultura familiar no interior do Cear\u00e1"},"content":{"rendered":"\n<p>O agricultor no interior do Cear\u00e1 j\u00e1 est\u00e1 a espera da chegada das primeiras chuvas em dezembro. Milhares de fam\u00edlias cearenses que tiram seu sustento da agricultura familiar ser\u00e3o beneficiadas, at\u00e9 2025, com a\u00e7\u00f5es do Projeto S\u00e3o Jos\u00e9 IV, lan\u00e7ado nesta&nbsp;quarta-feira, dia 25 de novembro, pelo Governo do Cear\u00e1. O investimento previsto \u00e9 de aproximadamente R$ 750 milh\u00f5es (U$S 150 milh\u00f5es) em iniciativas de seguran\u00e7a h\u00eddrica, inclus\u00e3o produtiva e assist\u00eancia t\u00e9cnica, beneficiando 440 mil pessoas. Os recursos s\u00e3o oriundos de empr\u00e9stimo junto ao Banco Mundial e uma contrapartida do Estado.<\/p>\n\n\n\n<p>Os interessados em participar do Projeto S\u00e3o Jos\u00e9 IV devem acessar o site da Secretaria de Desenvolvimento Agrario (sda.ce.gov.br) para obter as informa\u00e7\u00f5es necess\u00e1rias para conseguir o cr\u00e9dito. Equipes do Governo far\u00e3o semin\u00e1rios durante o m\u00eas&nbsp;de dezembro&nbsp;pr\u00f3ximo no Interior para explicar como proceder.<\/p>\n\n\n\n<figure class=\"wp-block-image size-large\"><img loading=\"lazy\" decoding=\"async\" width=\"658\" height=\"466\" src=\"https:\/\/blogdorogeriogomes.com.br\/wp-content\/uploads\/2020\/11\/images-1-1.jpeg\" alt=\"\" class=\"wp-image-19186\" srcset=\"https:\/\/blogdorogeriogomes.com.br\/noticias\/wp-content\/uploads\/2020\/11\/images-1-1.jpeg 658w, https:\/\/blogdorogeriogomes.com.br\/noticias\/wp-content\/uploads\/2020\/11\/images-1-1-300x212.jpeg 300w\" sizes=\"auto, (max-width: 658px) 100vw, 658px\" \/><\/figure>\n","protected":false},"excerpt":{"rendered":"<p>O agricultor no interior do Cear\u00e1 j\u00e1 est\u00e1 a espera da chegada das primeiras chuvas em dezembro. Milhares de fam\u00edlias cearenses que tiram seu sustento da agricultura familiar ser\u00e3o beneficiadas, at\u00e9 2025, com a\u00e7\u00f5es do Projeto S\u00e3o Jos\u00e9 IV, lan\u00e7ado nesta&nbsp;quarta-feira, dia 25 de novembro, pelo Governo do Cear\u00e1. O investimento previsto \u00e9 de aproximadamente R$ 750 milh\u00f5es (U$S 150 milh\u00f5es) em iniciativas de seguran\u00e7a h\u00eddrica, inclus\u00e3o produtiva e assist\u00eancia t\u00e9cnica, beneficiando 440 mil pessoas. Os recursos s\u00e3o oriundos&hellip;<\/p>\n","protected":false},"author":1,"featured_media":19186,"comment_status":"open","ping_status":"open","sticky":false,"template":"","format":"standard","meta":{"footnotes":""},"categories":[1],"tags":[],"class_list":["post-19185","post","type-post","status-publish","format-standard","has-post-thumbnail","hentry","category-noticias"],"_links":{"self":[{"href":"https:\/\/blogdorogeriogomes.com.br\/noticias\/wp-json\/wp\/v2\/posts\/19185","targetHints":{"allow":["GET"]}}],"collection":[{"href":"https:\/\/blogdorogeriogomes.com.br\/noticias\/wp-json\/wp\/v2\/posts"}],"about":[{"href":"https:\/\/blogdorogeriogomes.com.br\/noticias\/wp-json\/wp\/v2\/types\/post"}],"author":[{"embeddable":true,"href":"https:\/\/blogdorogeriogomes.com.br\/noticias\/wp-json\/wp\/v2\/users\/1"}],"replies":[{"embeddable":true,"href":"https:\/\/blogdorogeriogomes.com.br\/noticias\/wp-json\/wp\/v2\/comments?post=19185"}],"version-history":[{"count":2,"href":"https:\/\/blogdorogeriogomes.com.br\/noticias\/wp-json\/wp\/v2\/posts\/19185\/revisions"}],"predecessor-version":[{"id":19194,"href":"https:\/\/blogdorogeriogomes.com.br\/noticias\/wp-json\/wp\/v2\/posts\/19185\/revisions\/19194"}],"wp:featuredmedia":[{"embeddable":true,"href":"https:\/\/blogdorogeriogomes.com.br\/noticias\/wp-json\/wp\/v2\/media\/19186"}],"wp:attachment":[{"href":"https:\/\/blogdorogeriogomes.com.br\/noticias\/wp-json\/wp\/v2\/media?parent=19185"}],"wp:term":[{"taxonomy":"category","embeddable":true,"href":"https:\/\/blogdorogeriogomes.com.br\/noticias\/wp-json\/wp\/v2\/categories?post=19185"},{"taxonomy":"post_tag","embeddable":true,"href":"https:\/\/blogdorogeriogomes.com.br\/noticias\/wp-json\/wp\/v2\/tags?post=19185"}],"curies":[{"name":"wp","href":"https:\/\/api.w.org\/{rel}","templated":true}]}}