{"id":19189,"date":"2020-11-26T09:41:07","date_gmt":"2020-11-26T09:41:07","guid":{"rendered":"https:\/\/blogdorogeriogomes.com.br\/?p=19189"},"modified":"2020-11-26T09:59:02","modified_gmt":"2020-11-26T09:59:02","slug":"tre-do-ceara-confirma-eleicao-de-gledson-bezerra-em-juazeiro-do-norte","status":"publish","type":"post","link":"https:\/\/blogdorogeriogomes.com.br\/noticias\/2020\/11\/tre-do-ceara-confirma-eleicao-de-gledson-bezerra-em-juazeiro-do-norte\/","title":{"rendered":"TRE do Cear\u00e1 confirma elei\u00e7\u00e3o de Gl\u00eadson Bezerra em Juazeiro do Norte"},"content":{"rendered":"\n<p>O pleno do Tribunal Regional Eleitoral do Cear\u00e1 confirmou, nesta quarta-feira, dia 25 de novembro, a elei\u00e7\u00e3o de Gl\u00eadson Bezerra (Podemos) como novo prefeito de Juazeiro do Norte, na Regi\u00e3o do Cariri. Em decis\u00e3o monocr\u00e1tica, no \u00faltimo dia 12 de novembro, a ju\u00edza&nbsp; Kamile Moreira Castro entendeu que o postulante n\u00e3o havia comprovado a desincompatibiliza\u00e7\u00e3o do cargo de inspetor da Pol\u00edcia Civil e indeferiu sua candidatura. Na disputa eleitoral, Gl\u00eadson Bezerra derrotou nas urnas o atual prefeito Arnon Bezerra, que tentava a reelei\u00e7\u00e3o.<\/p>\n\n\n\n<p>O prefeito eleito Gl\u00eadson Bezerra disse que ir\u00e1 iniciar, imediatamente, a transi\u00e7\u00e3o entre as gest\u00f5es. \u201cPrecisamos rever os contratos, verificar os gastos da folha, as empresas que prestam servi\u00e7o e ver o que pode ser enxugado\u201d, afirmou o novo prefeito de Juazeiro do Norte.<\/p>\n\n\n\n<figure class=\"wp-block-image size-large\"><img loading=\"lazy\" decoding=\"async\" width=\"696\" height=\"389\" src=\"https:\/\/blogdorogeriogomes.com.br\/wp-content\/uploads\/2020\/11\/images-2-1.jpeg\" alt=\"\" class=\"wp-image-19190\" srcset=\"https:\/\/blogdorogeriogomes.com.br\/noticias\/wp-content\/uploads\/2020\/11\/images-2-1.jpeg 696w, https:\/\/blogdorogeriogomes.com.br\/noticias\/wp-content\/uploads\/2020\/11\/images-2-1-300x168.jpeg 300w\" sizes=\"auto, (max-width: 696px) 100vw, 696px\" \/><\/figure>\n","protected":false},"excerpt":{"rendered":"<p>O pleno do Tribunal Regional Eleitoral do Cear\u00e1 confirmou, nesta quarta-feira, dia 25 de novembro, a elei\u00e7\u00e3o de Gl\u00eadson Bezerra (Podemos) como novo prefeito de Juazeiro do Norte, na Regi\u00e3o do Cariri. Em decis\u00e3o monocr\u00e1tica, no \u00faltimo dia 12 de novembro, a ju\u00edza&nbsp; Kamile Moreira Castro entendeu que o postulante n\u00e3o havia comprovado a desincompatibiliza\u00e7\u00e3o do cargo de inspetor da Pol\u00edcia Civil e indeferiu sua candidatura. Na disputa eleitoral, Gl\u00eadson Bezerra derrotou nas urnas o atual prefeito Arnon Bezerra,&hellip;<\/p>\n","protected":false},"author":1,"featured_media":19190,"comment_status":"open","ping_status":"open","sticky":false,"template":"","format":"standard","meta":{"footnotes":""},"categories":[1],"tags":[],"class_list":["post-19189","post","type-post","status-publish","format-standard","has-post-thumbnail","hentry","category-noticias"],"_links":{"self":[{"href":"https:\/\/blogdorogeriogomes.com.br\/noticias\/wp-json\/wp\/v2\/posts\/19189","targetHints":{"allow":["GET"]}}],"collection":[{"href":"https:\/\/blogdorogeriogomes.com.br\/noticias\/wp-json\/wp\/v2\/posts"}],"about":[{"href":"https:\/\/blogdorogeriogomes.com.br\/noticias\/wp-json\/wp\/v2\/types\/post"}],"author":[{"embeddable":true,"href":"https:\/\/blogdorogeriogomes.com.br\/noticias\/wp-json\/wp\/v2\/users\/1"}],"replies":[{"embeddable":true,"href":"https:\/\/blogdorogeriogomes.com.br\/noticias\/wp-json\/wp\/v2\/comments?post=19189"}],"version-history":[{"count":2,"href":"https:\/\/blogdorogeriogomes.com.br\/noticias\/wp-json\/wp\/v2\/posts\/19189\/revisions"}],"predecessor-version":[{"id":19193,"href":"https:\/\/blogdorogeriogomes.com.br\/noticias\/wp-json\/wp\/v2\/posts\/19189\/revisions\/19193"}],"wp:featuredmedia":[{"embeddable":true,"href":"https:\/\/blogdorogeriogomes.com.br\/noticias\/wp-json\/wp\/v2\/media\/19190"}],"wp:attachment":[{"href":"https:\/\/blogdorogeriogomes.com.br\/noticias\/wp-json\/wp\/v2\/media?parent=19189"}],"wp:term":[{"taxonomy":"category","embeddable":true,"href":"https:\/\/blogdorogeriogomes.com.br\/noticias\/wp-json\/wp\/v2\/categories?post=19189"},{"taxonomy":"post_tag","embeddable":true,"href":"https:\/\/blogdorogeriogomes.com.br\/noticias\/wp-json\/wp\/v2\/tags?post=19189"}],"curies":[{"name":"wp","href":"https:\/\/api.w.org\/{rel}","templated":true}]}}