{"id":19198,"date":"2020-11-26T15:31:11","date_gmt":"2020-11-26T15:31:11","guid":{"rendered":"https:\/\/blogdorogeriogomes.com.br\/?p=19198"},"modified":"2020-11-27T15:03:17","modified_gmt":"2020-11-27T15:03:17","slug":"camilo-santana-anuncia-compra-definitiva-do-hospital-leonardo-da-vinci-em-fortaleza","status":"publish","type":"post","link":"https:\/\/blogdorogeriogomes.com.br\/noticias\/2020\/11\/camilo-santana-anuncia-compra-definitiva-do-hospital-leonardo-da-vinci-em-fortaleza\/","title":{"rendered":"Camilo Santana anuncia compra definitiva do Hospital Leonardo da Vinci em Fortaleza"},"content":{"rendered":"\n<p>O governador do Cear\u00e1, Camilo Santana, anunciou no in\u00edcio da tarde desta quinta-feira, dia 26 de novembro, a aquisi\u00e7\u00e3o do Hospital Leonardo da Vinci pelo Governo do Cear\u00e1. A unidade hospitalar est\u00e1 localizada no bairro da Aldeota, em Fortaleza, e tem sido bastante utilizada por pacientes com a Covid-19 desde que foi iniciada a pandemia.<br>O Hospital Leonardo da Vinci, que \u00e9 privado e foi contratado para atender aos cearenses durante a pandemia, passar\u00e1 a ser p\u00fablico de forma permanente, e se junta a outros equipamentos do Governo do Estado para aumentar a oferta de atendimento dos usu\u00e1rios da Capital e Regi\u00e3o Metropolitana.<\/p>\n\n\n\n<figure class=\"wp-block-image size-large\"><img loading=\"lazy\" decoding=\"async\" width=\"694\" height=\"442\" src=\"https:\/\/blogdorogeriogomes.com.br\/wp-content\/uploads\/2020\/11\/images-3-1.jpeg\" alt=\"\" class=\"wp-image-19199\" srcset=\"https:\/\/blogdorogeriogomes.com.br\/noticias\/wp-content\/uploads\/2020\/11\/images-3-1.jpeg 694w, https:\/\/blogdorogeriogomes.com.br\/noticias\/wp-content\/uploads\/2020\/11\/images-3-1-300x191.jpeg 300w\" sizes=\"auto, (max-width: 694px) 100vw, 694px\" \/><\/figure>\n","protected":false},"excerpt":{"rendered":"<p>O governador do Cear\u00e1, Camilo Santana, anunciou no in\u00edcio da tarde desta quinta-feira, dia 26 de novembro, a aquisi\u00e7\u00e3o do Hospital Leonardo da Vinci pelo Governo do Cear\u00e1. A unidade hospitalar est\u00e1 localizada no bairro da Aldeota, em Fortaleza, e tem sido bastante utilizada por pacientes com a Covid-19 desde que foi iniciada a pandemia.O Hospital Leonardo da Vinci, que \u00e9 privado e foi contratado para atender aos cearenses durante a pandemia, passar\u00e1 a ser p\u00fablico de forma permanente,&hellip;<\/p>\n","protected":false},"author":1,"featured_media":19199,"comment_status":"open","ping_status":"open","sticky":false,"template":"","format":"standard","meta":{"footnotes":""},"categories":[1],"tags":[],"class_list":["post-19198","post","type-post","status-publish","format-standard","has-post-thumbnail","hentry","category-noticias"],"_links":{"self":[{"href":"https:\/\/blogdorogeriogomes.com.br\/noticias\/wp-json\/wp\/v2\/posts\/19198","targetHints":{"allow":["GET"]}}],"collection":[{"href":"https:\/\/blogdorogeriogomes.com.br\/noticias\/wp-json\/wp\/v2\/posts"}],"about":[{"href":"https:\/\/blogdorogeriogomes.com.br\/noticias\/wp-json\/wp\/v2\/types\/post"}],"author":[{"embeddable":true,"href":"https:\/\/blogdorogeriogomes.com.br\/noticias\/wp-json\/wp\/v2\/users\/1"}],"replies":[{"embeddable":true,"href":"https:\/\/blogdorogeriogomes.com.br\/noticias\/wp-json\/wp\/v2\/comments?post=19198"}],"version-history":[{"count":1,"href":"https:\/\/blogdorogeriogomes.com.br\/noticias\/wp-json\/wp\/v2\/posts\/19198\/revisions"}],"predecessor-version":[{"id":19200,"href":"https:\/\/blogdorogeriogomes.com.br\/noticias\/wp-json\/wp\/v2\/posts\/19198\/revisions\/19200"}],"wp:featuredmedia":[{"embeddable":true,"href":"https:\/\/blogdorogeriogomes.com.br\/noticias\/wp-json\/wp\/v2\/media\/19199"}],"wp:attachment":[{"href":"https:\/\/blogdorogeriogomes.com.br\/noticias\/wp-json\/wp\/v2\/media?parent=19198"}],"wp:term":[{"taxonomy":"category","embeddable":true,"href":"https:\/\/blogdorogeriogomes.com.br\/noticias\/wp-json\/wp\/v2\/categories?post=19198"},{"taxonomy":"post_tag","embeddable":true,"href":"https:\/\/blogdorogeriogomes.com.br\/noticias\/wp-json\/wp\/v2\/tags?post=19198"}],"curies":[{"name":"wp","href":"https:\/\/api.w.org\/{rel}","templated":true}]}}