{"id":19214,"date":"2020-11-27T09:51:59","date_gmt":"2020-11-27T09:51:59","guid":{"rendered":"https:\/\/blogdorogeriogomes.com.br\/?p=19214"},"modified":"2020-11-27T15:01:43","modified_gmt":"2020-11-27T15:01:43","slug":"numeros-da-covid-19-crescem-no-pais-enquanto-bolsonaro-e-pazuello-continuam-a-desconsiderar-uma-segunda-onda","status":"publish","type":"post","link":"https:\/\/blogdorogeriogomes.com.br\/noticias\/2020\/11\/numeros-da-covid-19-crescem-no-pais-enquanto-bolsonaro-e-pazuello-continuam-a-desconsiderar-uma-segunda-onda\/","title":{"rendered":"N\u00fameros da Covid-19 crescem no Pa\u00eds, enquanto Bolsonaro e Pazuello continuam a desconsiderar uma &#8220;segunda onda&#8221;"},"content":{"rendered":"\n<p>Enquanto o Brasil atinge a marca de 698 mortes por Covid em 24 horas e soma 171.400 \u00f3bitos por Covid-19, o Minist\u00e9rio da Sa\u00fade n\u00e3o usou R$ 3,4 bilh\u00f5es liberados na forma de cr\u00e9dito extraordin\u00e1rio para o enfrentamento da pandemia. O recurso foi aprovado h\u00e1 seis meses, mas continua parado enquanto a pandemia volta a crescer no pa\u00eds.&nbsp;O dinheiro que n\u00e3o foi gasto pelo governo para combater a pandemia foi aprovado em duas Medidas Provis\u00f3rias de cr\u00e9dito emergencial editadas aprovadas no Congresso Nacional.<\/p>\n\n\n\n<p>Nesta quinta-feira, dia 26 de novembro, em sua live semanal, o presidente Jair Bolsonaro disse que n\u00e3o h\u00e1 v\u00eddeo ou \u00e1udio em que ele tenha chamado de &#8220;gripezinha&#8221; a Covid-19, doen\u00e7a provocada pelo novo coronav\u00edrus. No entanto, h\u00e1 pelo menos dois v\u00eddeos j\u00e1 exaustivamente exibido pela imprensa e redes sociais, onde o presidente faz pouco caso da doen\u00e7a. <\/p>\n\n\n\n<p>Em paralelo, o ministro da Sa\u00fade, Eduardo Pazuello, desconsidera que ocorra no momento um in\u00edcio da segunda onda da Covid-19 no Brasil. Segundo ele, \u00e9 apenas um &#8220;repique&#8221; da doen\u00e7a, sem no entanto levar em conta o aumento da m\u00e9dia m\u00f3vel nos estados.<\/p>\n\n\n\n<p>O negacionismo continua, enquanto os hospitais p\u00fablicos e privados voltam a ficar lotados de pacientes precisando de assist\u00eancia m\u00e9dica, n\u00e3o s\u00f3 de estados e prefeituras, mas tamb\u00e9m da Uni\u00e3o.<\/p>\n\n\n\n<figure class=\"wp-block-image size-large\"><img loading=\"lazy\" decoding=\"async\" width=\"640\" height=\"340\" src=\"https:\/\/blogdorogeriogomes.com.br\/wp-content\/uploads\/2020\/11\/images-7-1.jpeg\" alt=\"\" class=\"wp-image-19215\" srcset=\"https:\/\/blogdorogeriogomes.com.br\/noticias\/wp-content\/uploads\/2020\/11\/images-7-1.jpeg 640w, https:\/\/blogdorogeriogomes.com.br\/noticias\/wp-content\/uploads\/2020\/11\/images-7-1-300x159.jpeg 300w\" sizes=\"auto, (max-width: 640px) 100vw, 640px\" \/><\/figure>\n\n\n\n<p><\/p>\n","protected":false},"excerpt":{"rendered":"<p>Enquanto o Brasil atinge a marca de 698 mortes por Covid em 24 horas e soma 171.400 \u00f3bitos por Covid-19, o Minist\u00e9rio da Sa\u00fade n\u00e3o usou R$ 3,4 bilh\u00f5es liberados na forma de cr\u00e9dito extraordin\u00e1rio para o enfrentamento da pandemia. O recurso foi aprovado h\u00e1 seis meses, mas continua parado enquanto a pandemia volta a crescer no pa\u00eds.&nbsp;O dinheiro que n\u00e3o foi gasto pelo governo para combater a pandemia foi aprovado em duas Medidas Provis\u00f3rias de cr\u00e9dito emergencial editadas&hellip;<\/p>\n","protected":false},"author":1,"featured_media":19215,"comment_status":"open","ping_status":"open","sticky":false,"template":"","format":"standard","meta":{"footnotes":""},"categories":[1],"tags":[],"class_list":["post-19214","post","type-post","status-publish","format-standard","has-post-thumbnail","hentry","category-noticias"],"_links":{"self":[{"href":"https:\/\/blogdorogeriogomes.com.br\/noticias\/wp-json\/wp\/v2\/posts\/19214","targetHints":{"allow":["GET"]}}],"collection":[{"href":"https:\/\/blogdorogeriogomes.com.br\/noticias\/wp-json\/wp\/v2\/posts"}],"about":[{"href":"https:\/\/blogdorogeriogomes.com.br\/noticias\/wp-json\/wp\/v2\/types\/post"}],"author":[{"embeddable":true,"href":"https:\/\/blogdorogeriogomes.com.br\/noticias\/wp-json\/wp\/v2\/users\/1"}],"replies":[{"embeddable":true,"href":"https:\/\/blogdorogeriogomes.com.br\/noticias\/wp-json\/wp\/v2\/comments?post=19214"}],"version-history":[{"count":2,"href":"https:\/\/blogdorogeriogomes.com.br\/noticias\/wp-json\/wp\/v2\/posts\/19214\/revisions"}],"predecessor-version":[{"id":19217,"href":"https:\/\/blogdorogeriogomes.com.br\/noticias\/wp-json\/wp\/v2\/posts\/19214\/revisions\/19217"}],"wp:featuredmedia":[{"embeddable":true,"href":"https:\/\/blogdorogeriogomes.com.br\/noticias\/wp-json\/wp\/v2\/media\/19215"}],"wp:attachment":[{"href":"https:\/\/blogdorogeriogomes.com.br\/noticias\/wp-json\/wp\/v2\/media?parent=19214"}],"wp:term":[{"taxonomy":"category","embeddable":true,"href":"https:\/\/blogdorogeriogomes.com.br\/noticias\/wp-json\/wp\/v2\/categories?post=19214"},{"taxonomy":"post_tag","embeddable":true,"href":"https:\/\/blogdorogeriogomes.com.br\/noticias\/wp-json\/wp\/v2\/tags?post=19214"}],"curies":[{"name":"wp","href":"https:\/\/api.w.org\/{rel}","templated":true}]}}