{"id":19221,"date":"2020-11-27T19:59:07","date_gmt":"2020-11-27T19:59:07","guid":{"rendered":"https:\/\/blogdorogeriogomes.com.br\/?p=19221"},"modified":"2020-11-30T12:35:51","modified_gmt":"2020-11-30T12:35:51","slug":"governo-renova-decreto-de-distanciamento-social-no-ceara-com-as-mesmas-regras-anteriores","status":"publish","type":"post","link":"https:\/\/blogdorogeriogomes.com.br\/noticias\/2020\/11\/governo-renova-decreto-de-distanciamento-social-no-ceara-com-as-mesmas-regras-anteriores\/","title":{"rendered":"Governo renova decreto de distanciamento social no Cear\u00e1 com as mesmas regras anteriores"},"content":{"rendered":"\n<p>Ap\u00f3s reuni\u00e3o do Comit\u00ea de Enfrentamento \u00e0 Covid-19 no Cear\u00e1, o governador Camilo Santana decidiu que a partir de segunda-feira, dia de 30 de novembro, o decreto de isolamento social no Estado ser\u00e1 prorrogado sem altera\u00e7\u00f5es. Camilo destacou a necessidade de se continuar fazendo o uso obrigat\u00f3rio de m\u00e1scara ao sair na rua e evitar as aglomera\u00e7\u00f5es. O Cear\u00e1 tem 297.793 casos de coronav\u00edrus, com 9.565 mortes confirmadas pela doen\u00e7a.<\/p>\n\n\n\n<p>Uma das a\u00e7\u00f5es adotadas durante este per\u00edodo de pandemia pelo Governo do Cear\u00e1, o Programa Aux\u00edlio-Catador deve se tornar pol\u00edtica permanente de Estado. Nessa quinta-feira, dia 26, o governador Camilo Santana enviou para a Assembleia Legislativa projeto de Lei com este objetivo, beneficiando, neste primeiro momento, 1.342 catadores e catadoras de materiais recicl\u00e1veis de 48 associa\u00e7\u00f5es em 41 munic\u00edpios. Duas parcelas j\u00e1 foram pagas e na pr\u00f3xima segunda-feira, dia 30, ser\u00e3o realizados os repasses referentes aos meses de setembro e outubro.&nbsp;<\/p>\n\n\n\n<figure class=\"wp-block-image size-large\"><img loading=\"lazy\" decoding=\"async\" width=\"1024\" height=\"768\" src=\"https:\/\/blogdorogeriogomes.com.br\/wp-content\/uploads\/2020\/11\/WhatsApp-Image-2020-11-27-at-10.29.04-1200x900-1-1024x768.jpeg\" alt=\"\" class=\"wp-image-19222\" srcset=\"https:\/\/blogdorogeriogomes.com.br\/noticias\/wp-content\/uploads\/2020\/11\/WhatsApp-Image-2020-11-27-at-10.29.04-1200x900-1-1024x768.jpeg 1024w, https:\/\/blogdorogeriogomes.com.br\/noticias\/wp-content\/uploads\/2020\/11\/WhatsApp-Image-2020-11-27-at-10.29.04-1200x900-1-300x225.jpeg 300w, https:\/\/blogdorogeriogomes.com.br\/noticias\/wp-content\/uploads\/2020\/11\/WhatsApp-Image-2020-11-27-at-10.29.04-1200x900-1-768x576.jpeg 768w, https:\/\/blogdorogeriogomes.com.br\/noticias\/wp-content\/uploads\/2020\/11\/WhatsApp-Image-2020-11-27-at-10.29.04-1200x900-1-800x600.jpeg 800w, https:\/\/blogdorogeriogomes.com.br\/noticias\/wp-content\/uploads\/2020\/11\/WhatsApp-Image-2020-11-27-at-10.29.04-1200x900-1-400x300.jpeg 400w, https:\/\/blogdorogeriogomes.com.br\/noticias\/wp-content\/uploads\/2020\/11\/WhatsApp-Image-2020-11-27-at-10.29.04-1200x900-1.jpeg 1200w\" sizes=\"auto, (max-width: 1024px) 100vw, 1024px\" \/><\/figure>\n","protected":false},"excerpt":{"rendered":"<p>Ap\u00f3s reuni\u00e3o do Comit\u00ea de Enfrentamento \u00e0 Covid-19 no Cear\u00e1, o governador Camilo Santana decidiu que a partir de segunda-feira, dia de 30 de novembro, o decreto de isolamento social no Estado ser\u00e1 prorrogado sem altera\u00e7\u00f5es. Camilo destacou a necessidade de se continuar fazendo o uso obrigat\u00f3rio de m\u00e1scara ao sair na rua e evitar as aglomera\u00e7\u00f5es. O Cear\u00e1 tem 297.793 casos de coronav\u00edrus, com 9.565 mortes confirmadas pela doen\u00e7a. Uma das a\u00e7\u00f5es adotadas durante este per\u00edodo de pandemia&hellip;<\/p>\n","protected":false},"author":1,"featured_media":19222,"comment_status":"open","ping_status":"open","sticky":false,"template":"","format":"standard","meta":{"footnotes":""},"categories":[1],"tags":[],"class_list":["post-19221","post","type-post","status-publish","format-standard","has-post-thumbnail","hentry","category-noticias"],"_links":{"self":[{"href":"https:\/\/blogdorogeriogomes.com.br\/noticias\/wp-json\/wp\/v2\/posts\/19221","targetHints":{"allow":["GET"]}}],"collection":[{"href":"https:\/\/blogdorogeriogomes.com.br\/noticias\/wp-json\/wp\/v2\/posts"}],"about":[{"href":"https:\/\/blogdorogeriogomes.com.br\/noticias\/wp-json\/wp\/v2\/types\/post"}],"author":[{"embeddable":true,"href":"https:\/\/blogdorogeriogomes.com.br\/noticias\/wp-json\/wp\/v2\/users\/1"}],"replies":[{"embeddable":true,"href":"https:\/\/blogdorogeriogomes.com.br\/noticias\/wp-json\/wp\/v2\/comments?post=19221"}],"version-history":[{"count":2,"href":"https:\/\/blogdorogeriogomes.com.br\/noticias\/wp-json\/wp\/v2\/posts\/19221\/revisions"}],"predecessor-version":[{"id":19256,"href":"https:\/\/blogdorogeriogomes.com.br\/noticias\/wp-json\/wp\/v2\/posts\/19221\/revisions\/19256"}],"wp:featuredmedia":[{"embeddable":true,"href":"https:\/\/blogdorogeriogomes.com.br\/noticias\/wp-json\/wp\/v2\/media\/19222"}],"wp:attachment":[{"href":"https:\/\/blogdorogeriogomes.com.br\/noticias\/wp-json\/wp\/v2\/media?parent=19221"}],"wp:term":[{"taxonomy":"category","embeddable":true,"href":"https:\/\/blogdorogeriogomes.com.br\/noticias\/wp-json\/wp\/v2\/categories?post=19221"},{"taxonomy":"post_tag","embeddable":true,"href":"https:\/\/blogdorogeriogomes.com.br\/noticias\/wp-json\/wp\/v2\/tags?post=19221"}],"curies":[{"name":"wp","href":"https:\/\/api.w.org\/{rel}","templated":true}]}}