{"id":19225,"date":"2020-11-28T09:32:55","date_gmt":"2020-11-28T09:32:55","guid":{"rendered":"https:\/\/blogdorogeriogomes.com.br\/?p=19225"},"modified":"2020-11-30T12:36:00","modified_gmt":"2020-11-30T12:36:00","slug":"sarto-e-wagner-fazem-ultimo-debate-com-mais-propostas-e-menos-agressoes","status":"publish","type":"post","link":"https:\/\/blogdorogeriogomes.com.br\/noticias\/2020\/11\/sarto-e-wagner-fazem-ultimo-debate-com-mais-propostas-e-menos-agressoes\/","title":{"rendered":"Sarto e Wagner fazem \u00faltimo debate com mais propostas e menos agress\u00f5es"},"content":{"rendered":"\n<p>Na noite desta sexta-feira, dia 27 de novembro, os candidatos Jos\u00e9 Sarto (PDT) e Capit\u00e3o Wagner (Pros) participaram do \u00faltimo debate antes do segundo turno das elei\u00e7\u00f5es municipais para Prefeitura de Fortaleza. Realizado pela TV Verdes Mares, o programa contou com clima menos agressivo do que o \u00faltimo encontro. A discuss\u00e3o de temas sens\u00edveis sobre a cidade e propostas ganharam mais espa\u00e7o nos discursos.<\/p>\n\n\n\n<p>Sarto destacou, ao longo do debate, que trar\u00e1 muitas a\u00e7\u00f5es para a Capital em parceria com o governador Camilo Santana. Dentre as propostas apresentadas pelo pedetista no programa, estiveram a de ampliar o saneamento b\u00e1sico de Fortaleza para 74% nos dois primeiros anos, pol\u00edticas p\u00fablicas voltadas a mulheres de baixa renda, al\u00e9m de mais a\u00e7\u00f5es que garantam aux\u00edlio para a popula\u00e7\u00e3o fortalezense.<\/p>\n\n\n\n<p>Wagner defendeu a cria\u00e7\u00e3o do aux\u00edlio emergencial municipal, marcou sua posi\u00e7\u00e3o contra a reforma da previd\u00eancia e assegurou partir em defesa de servidores p\u00fablicos, al\u00e9m de buscar o fortalecimento doa setores da educa\u00e7\u00e3o, trabalho e sa\u00fade. O candidato do Pros prometeu ser um defensor dos aposentados e dos professores em sua gest\u00e3o.<\/p>\n\n\n\n<p>Apesar de um clima menos conturbado no encontro, a troca de acusa\u00e7\u00f5es tamb\u00e9m teve o seu espa\u00e7o. Sarto voltou a lembrar do apoio de Jair Bolsonaro \u00e0 campanha de Wagner, apostando na alta rejei\u00e7\u00e3o do presidente na Capital, e do envolvimento de seu advers\u00e1rio com motins de policiais militares no Cear\u00e1. J\u00e1 Wagner voltou a tocar no assunto das investiga\u00e7\u00f5es da Pol\u00edcia Federal sobre supostas irregularidades na gest\u00e3o municipal.<\/p>\n\n\n\n<p>Wagner n\u00e3o recusou o apoio de Jair Bolsonaro e disse que contar com o suporte do Governo Federal \u00e9 importante para Fortaleza. &#8220;Sem essa ajuda, \u00e9 muito dif\u00edcil governar&#8221;, afirmou. Atr\u00e1s nas pesquisas de inten\u00e7\u00e3o de voto, o candidato do Pros fez apelo aos eleitores indecisos ao fim do debate.<\/p>\n\n\n\n<p>Sarto negou qualquer proced\u00eancia das acusa\u00e7\u00f5es de Wagner sobre supostas irregularidades em seu hist\u00f3rico como pol\u00edtico e tamb\u00e9m na Prefeitura de Fortaleza sob a gest\u00e3o de Roberto Cl\u00e1udio. &#8220;Essas s\u00e3o marmotas eleitorais&#8221;, definiu. O pedetista destinou palavras finais ao seu eleitorado, destacando a sua experi\u00eancia para governar a cidade.<\/p>\n\n\n\n<figure class=\"wp-block-image size-large\"><img loading=\"lazy\" decoding=\"async\" width=\"761\" height=\"403\" src=\"https:\/\/blogdorogeriogomes.com.br\/wp-content\/uploads\/2020\/11\/images-8.jpeg\" alt=\"\" class=\"wp-image-19226\" srcset=\"https:\/\/blogdorogeriogomes.com.br\/noticias\/wp-content\/uploads\/2020\/11\/images-8.jpeg 761w, https:\/\/blogdorogeriogomes.com.br\/noticias\/wp-content\/uploads\/2020\/11\/images-8-300x159.jpeg 300w\" sizes=\"auto, (max-width: 761px) 100vw, 761px\" \/><\/figure>\n","protected":false},"excerpt":{"rendered":"<p>Na noite desta sexta-feira, dia 27 de novembro, os candidatos Jos\u00e9 Sarto (PDT) e Capit\u00e3o Wagner (Pros) participaram do \u00faltimo debate antes do segundo turno das elei\u00e7\u00f5es municipais para Prefeitura de Fortaleza. Realizado pela TV Verdes Mares, o programa contou com clima menos agressivo do que o \u00faltimo encontro. A discuss\u00e3o de temas sens\u00edveis sobre a cidade e propostas ganharam mais espa\u00e7o nos discursos. Sarto destacou, ao longo do debate, que trar\u00e1 muitas a\u00e7\u00f5es para a Capital em parceria&hellip;<\/p>\n","protected":false},"author":1,"featured_media":19226,"comment_status":"open","ping_status":"open","sticky":false,"template":"","format":"standard","meta":{"footnotes":""},"categories":[1],"tags":[],"class_list":["post-19225","post","type-post","status-publish","format-standard","has-post-thumbnail","hentry","category-noticias"],"_links":{"self":[{"href":"https:\/\/blogdorogeriogomes.com.br\/noticias\/wp-json\/wp\/v2\/posts\/19225","targetHints":{"allow":["GET"]}}],"collection":[{"href":"https:\/\/blogdorogeriogomes.com.br\/noticias\/wp-json\/wp\/v2\/posts"}],"about":[{"href":"https:\/\/blogdorogeriogomes.com.br\/noticias\/wp-json\/wp\/v2\/types\/post"}],"author":[{"embeddable":true,"href":"https:\/\/blogdorogeriogomes.com.br\/noticias\/wp-json\/wp\/v2\/users\/1"}],"replies":[{"embeddable":true,"href":"https:\/\/blogdorogeriogomes.com.br\/noticias\/wp-json\/wp\/v2\/comments?post=19225"}],"version-history":[{"count":1,"href":"https:\/\/blogdorogeriogomes.com.br\/noticias\/wp-json\/wp\/v2\/posts\/19225\/revisions"}],"predecessor-version":[{"id":19227,"href":"https:\/\/blogdorogeriogomes.com.br\/noticias\/wp-json\/wp\/v2\/posts\/19225\/revisions\/19227"}],"wp:featuredmedia":[{"embeddable":true,"href":"https:\/\/blogdorogeriogomes.com.br\/noticias\/wp-json\/wp\/v2\/media\/19226"}],"wp:attachment":[{"href":"https:\/\/blogdorogeriogomes.com.br\/noticias\/wp-json\/wp\/v2\/media?parent=19225"}],"wp:term":[{"taxonomy":"category","embeddable":true,"href":"https:\/\/blogdorogeriogomes.com.br\/noticias\/wp-json\/wp\/v2\/categories?post=19225"},{"taxonomy":"post_tag","embeddable":true,"href":"https:\/\/blogdorogeriogomes.com.br\/noticias\/wp-json\/wp\/v2\/tags?post=19225"}],"curies":[{"name":"wp","href":"https:\/\/api.w.org\/{rel}","templated":true}]}}