{"id":19228,"date":"2020-11-28T09:44:15","date_gmt":"2020-11-28T09:44:15","guid":{"rendered":"https:\/\/blogdorogeriogomes.com.br\/?p=19228"},"modified":"2020-11-30T12:36:08","modified_gmt":"2020-11-30T12:36:08","slug":"fortaleza-e-caucaia-nao-terao-lei-seca-no-dia-de-votacao-do-segundo-turno","status":"publish","type":"post","link":"https:\/\/blogdorogeriogomes.com.br\/noticias\/2020\/11\/fortaleza-e-caucaia-nao-terao-lei-seca-no-dia-de-votacao-do-segundo-turno\/","title":{"rendered":"Fortaleza e Caucaia n\u00e3o ter\u00e3o Lei Seca no dia de vota\u00e7\u00e3o do segundo turno"},"content":{"rendered":"\n<p>Seguindo a mesma decis\u00e3o do primeiro turno, a Justi\u00e7a Eleitoral do Cear\u00e1 informou que a Lei Seca n\u00e3o ser\u00e1 adotada no dia decisivo vota\u00e7\u00e3o para prefeito em Fortaleza e Caucaia neste domingo, dia 29 de novembro. Ou seja, a venda e o consumo de bebidas alco\u00f3licas nas duas cidades est\u00e3o liberados.<\/p>\n\n\n\n<p>A Secretaria da Seguran\u00e7a P\u00fablica e Defesa Social (SSPDS) e o Tribunal Regional Eleitoral (TRE) seguem a mesma orienta\u00e7\u00e3o para as fiscaliza\u00e7\u00f5es.<\/p>\n\n\n\n<p>Com dois milh\u00f5es de eleitores cearenses indo \u00e0s urnas neste fim de semana, as elei\u00e7\u00f5es nos dois munic\u00edpios contar\u00e3o com refor\u00e7o de tropas federais.<\/p>\n\n\n\n<p>No dia de vota\u00e7\u00e3o, o TRE-CE orienta os eleitores para a necessidade de se respeitar as normas sanit\u00e1rias, com distanciamento social, uso de m\u00e1scaras e utiliza\u00e7\u00e3o de caneta pr\u00f3pria na se\u00e7\u00e3o. As zonas eleitorais estar\u00e3o abertas de 7 \u00e0s 17 horas. O hor\u00e1rio preferencial para idosos vai da abertura da vota\u00e7\u00e3o at\u00e9 \u00e0s 10 horas.<\/p>\n\n\n\n<figure class=\"wp-block-image size-large\"><img loading=\"lazy\" decoding=\"async\" width=\"1000\" height=\"666\" src=\"https:\/\/blogdorogeriogomes.com.br\/wp-content\/uploads\/2020\/11\/cerveja9.jpg\" alt=\"\" class=\"wp-image-19229\" srcset=\"https:\/\/blogdorogeriogomes.com.br\/noticias\/wp-content\/uploads\/2020\/11\/cerveja9.jpg 1000w, https:\/\/blogdorogeriogomes.com.br\/noticias\/wp-content\/uploads\/2020\/11\/cerveja9-300x200.jpg 300w, https:\/\/blogdorogeriogomes.com.br\/noticias\/wp-content\/uploads\/2020\/11\/cerveja9-768x511.jpg 768w, https:\/\/blogdorogeriogomes.com.br\/noticias\/wp-content\/uploads\/2020\/11\/cerveja9-800x533.jpg 800w\" sizes=\"auto, (max-width: 1000px) 100vw, 1000px\" \/><\/figure>\n","protected":false},"excerpt":{"rendered":"<p>Seguindo a mesma decis\u00e3o do primeiro turno, a Justi\u00e7a Eleitoral do Cear\u00e1 informou que a Lei Seca n\u00e3o ser\u00e1 adotada no dia decisivo vota\u00e7\u00e3o para prefeito em Fortaleza e Caucaia neste domingo, dia 29 de novembro. Ou seja, a venda e o consumo de bebidas alco\u00f3licas nas duas cidades est\u00e3o liberados. A Secretaria da Seguran\u00e7a P\u00fablica e Defesa Social (SSPDS) e o Tribunal Regional Eleitoral (TRE) seguem a mesma orienta\u00e7\u00e3o para as fiscaliza\u00e7\u00f5es. Com dois milh\u00f5es de eleitores cearenses&hellip;<\/p>\n","protected":false},"author":1,"featured_media":19229,"comment_status":"open","ping_status":"open","sticky":false,"template":"","format":"standard","meta":{"footnotes":""},"categories":[1],"tags":[],"class_list":["post-19228","post","type-post","status-publish","format-standard","has-post-thumbnail","hentry","category-noticias"],"_links":{"self":[{"href":"https:\/\/blogdorogeriogomes.com.br\/noticias\/wp-json\/wp\/v2\/posts\/19228","targetHints":{"allow":["GET"]}}],"collection":[{"href":"https:\/\/blogdorogeriogomes.com.br\/noticias\/wp-json\/wp\/v2\/posts"}],"about":[{"href":"https:\/\/blogdorogeriogomes.com.br\/noticias\/wp-json\/wp\/v2\/types\/post"}],"author":[{"embeddable":true,"href":"https:\/\/blogdorogeriogomes.com.br\/noticias\/wp-json\/wp\/v2\/users\/1"}],"replies":[{"embeddable":true,"href":"https:\/\/blogdorogeriogomes.com.br\/noticias\/wp-json\/wp\/v2\/comments?post=19228"}],"version-history":[{"count":1,"href":"https:\/\/blogdorogeriogomes.com.br\/noticias\/wp-json\/wp\/v2\/posts\/19228\/revisions"}],"predecessor-version":[{"id":19230,"href":"https:\/\/blogdorogeriogomes.com.br\/noticias\/wp-json\/wp\/v2\/posts\/19228\/revisions\/19230"}],"wp:featuredmedia":[{"embeddable":true,"href":"https:\/\/blogdorogeriogomes.com.br\/noticias\/wp-json\/wp\/v2\/media\/19229"}],"wp:attachment":[{"href":"https:\/\/blogdorogeriogomes.com.br\/noticias\/wp-json\/wp\/v2\/media?parent=19228"}],"wp:term":[{"taxonomy":"category","embeddable":true,"href":"https:\/\/blogdorogeriogomes.com.br\/noticias\/wp-json\/wp\/v2\/categories?post=19228"},{"taxonomy":"post_tag","embeddable":true,"href":"https:\/\/blogdorogeriogomes.com.br\/noticias\/wp-json\/wp\/v2\/tags?post=19228"}],"curies":[{"name":"wp","href":"https:\/\/api.w.org\/{rel}","templated":true}]}}