{"id":19231,"date":"2020-11-28T23:40:07","date_gmt":"2020-11-28T23:40:07","guid":{"rendered":"https:\/\/blogdorogeriogomes.com.br\/?p=19231"},"modified":"2020-11-30T12:34:59","modified_gmt":"2020-11-30T12:34:59","slug":"pesquisas-de-vespera-apontam-para-vitoria-de-sarto-sobre-capitao-wagner-no-segundo-turno","status":"publish","type":"post","link":"https:\/\/blogdorogeriogomes.com.br\/noticias\/2020\/11\/pesquisas-de-vespera-apontam-para-vitoria-de-sarto-sobre-capitao-wagner-no-segundo-turno\/","title":{"rendered":"Pesquisas de v\u00e9spera apontam para vit\u00f3ria de Sarto sobre Capit\u00e3o Wagner no segundo turno"},"content":{"rendered":"\n<p>Neste s\u00e1bado de v\u00e9spera do segundo turno da elei\u00e7\u00e3o para prefeito de Fortaleza, as \u00faltimas rodadas de pesquisa dos institutos Ibope e Datafolha apontam vit\u00f3ria de Jos\u00e9 Sarto (PDT) sobre Capit\u00e3o Wagner (Pros). O candidato pedetista aparece nas proje\u00e7\u00f5es acima dos 50% dos votos mais um voto necess\u00e1rios para ser eleito para o cargo executivo.<\/p>\n\n\n\n<p>Segundo o Ibope, Sarto tem 61% dos votos v\u00e1lidos, 22 pontos percentuais \u00e0 frente de Wagner, que soma 39%. Em votos totais, s\u00e3o 54% para Sarto, 35% para Wagner, 7% entre brancos e nulos e 4% indecisos.<\/p>\n\n\n\n<p>De acordo com o levantamento feito pelo Datafolha, a vantagem de Sarto \u00e9 um pouco menor. O prefeitur\u00e1vel do PDT tem 57% dos votos v\u00e1lidos contra 43% do candidato do Pros, com 14 pontos percentuais de dist\u00e2ncia entre os dois. Em votos totais, Sarto tem 49%, Wagner 36%, brancos e nulos somam 9% e indecisos s\u00e3o 6% na pesquisa. Os votos v\u00e1lidos s\u00e3o a forma como o resultado \u00e9 divulgado pela Justi\u00e7a Eleitoral.<\/p>\n\n\n\n<p>No \u00faltimo dia de campanha, Sarto cumpriu agenda no Centro da Capital junto a apoiadores, ao lado do prefeito Roberto Cl\u00e1udio (PDT). &#8220;N\u00f3s queremos fazer nesse momento um grande debate para preservar a democracia contra a intoler\u00e2ncia, o \u00f3dio\u201d, afirmou o candidato.<\/p>\n\n\n\n<p>Wagner tamb\u00e9m esteve no Centro em busca de mais eleitores para sua campanha e disse que &#8220;a elei\u00e7\u00e3o est\u00e1 aberta&#8221;. &#8220;N\u00e3o h\u00e1 um vitorioso ainda, somente \u00e0s 17h de amanh\u00e3 \u00e9 que a gente vai parar de trabalhar&#8221;, destacou.<\/p>\n\n\n\n<figure class=\"wp-block-image size-large\"><img loading=\"lazy\" decoding=\"async\" width=\"1024\" height=\"683\" src=\"https:\/\/blogdorogeriogomes.com.br\/wp-content\/uploads\/2020\/11\/IMG-20201128-WA0105-1024x683.jpg\" alt=\"\" class=\"wp-image-19232\" srcset=\"https:\/\/blogdorogeriogomes.com.br\/noticias\/wp-content\/uploads\/2020\/11\/IMG-20201128-WA0105-1024x683.jpg 1024w, https:\/\/blogdorogeriogomes.com.br\/noticias\/wp-content\/uploads\/2020\/11\/IMG-20201128-WA0105-300x200.jpg 300w, https:\/\/blogdorogeriogomes.com.br\/noticias\/wp-content\/uploads\/2020\/11\/IMG-20201128-WA0105-768x512.jpg 768w, https:\/\/blogdorogeriogomes.com.br\/noticias\/wp-content\/uploads\/2020\/11\/IMG-20201128-WA0105-800x533.jpg 800w, https:\/\/blogdorogeriogomes.com.br\/noticias\/wp-content\/uploads\/2020\/11\/IMG-20201128-WA0105.jpg 1086w\" sizes=\"auto, (max-width: 1024px) 100vw, 1024px\" \/><\/figure>\n\n\n\n<figure class=\"wp-block-image size-large\"><img loading=\"lazy\" decoding=\"async\" width=\"582\" height=\"527\" src=\"https:\/\/blogdorogeriogomes.com.br\/wp-content\/uploads\/2020\/11\/images-9-1.jpeg\" alt=\"\" class=\"wp-image-19233\" srcset=\"https:\/\/blogdorogeriogomes.com.br\/noticias\/wp-content\/uploads\/2020\/11\/images-9-1.jpeg 582w, https:\/\/blogdorogeriogomes.com.br\/noticias\/wp-content\/uploads\/2020\/11\/images-9-1-300x272.jpeg 300w\" sizes=\"auto, (max-width: 582px) 100vw, 582px\" \/><\/figure>\n","protected":false},"excerpt":{"rendered":"<p>Neste s\u00e1bado de v\u00e9spera do segundo turno da elei\u00e7\u00e3o para prefeito de Fortaleza, as \u00faltimas rodadas de pesquisa dos institutos Ibope e Datafolha apontam vit\u00f3ria de Jos\u00e9 Sarto (PDT) sobre Capit\u00e3o Wagner (Pros). O candidato pedetista aparece nas proje\u00e7\u00f5es acima dos 50% dos votos mais um voto necess\u00e1rios para ser eleito para o cargo executivo. Segundo o Ibope, Sarto tem 61% dos votos v\u00e1lidos, 22 pontos percentuais \u00e0 frente de Wagner, que soma 39%. Em votos totais, s\u00e3o 54%&hellip;<\/p>\n","protected":false},"author":1,"featured_media":19232,"comment_status":"open","ping_status":"open","sticky":false,"template":"","format":"standard","meta":{"footnotes":""},"categories":[1],"tags":[],"class_list":["post-19231","post","type-post","status-publish","format-standard","has-post-thumbnail","hentry","category-noticias"],"_links":{"self":[{"href":"https:\/\/blogdorogeriogomes.com.br\/noticias\/wp-json\/wp\/v2\/posts\/19231","targetHints":{"allow":["GET"]}}],"collection":[{"href":"https:\/\/blogdorogeriogomes.com.br\/noticias\/wp-json\/wp\/v2\/posts"}],"about":[{"href":"https:\/\/blogdorogeriogomes.com.br\/noticias\/wp-json\/wp\/v2\/types\/post"}],"author":[{"embeddable":true,"href":"https:\/\/blogdorogeriogomes.com.br\/noticias\/wp-json\/wp\/v2\/users\/1"}],"replies":[{"embeddable":true,"href":"https:\/\/blogdorogeriogomes.com.br\/noticias\/wp-json\/wp\/v2\/comments?post=19231"}],"version-history":[{"count":1,"href":"https:\/\/blogdorogeriogomes.com.br\/noticias\/wp-json\/wp\/v2\/posts\/19231\/revisions"}],"predecessor-version":[{"id":19234,"href":"https:\/\/blogdorogeriogomes.com.br\/noticias\/wp-json\/wp\/v2\/posts\/19231\/revisions\/19234"}],"wp:featuredmedia":[{"embeddable":true,"href":"https:\/\/blogdorogeriogomes.com.br\/noticias\/wp-json\/wp\/v2\/media\/19232"}],"wp:attachment":[{"href":"https:\/\/blogdorogeriogomes.com.br\/noticias\/wp-json\/wp\/v2\/media?parent=19231"}],"wp:term":[{"taxonomy":"category","embeddable":true,"href":"https:\/\/blogdorogeriogomes.com.br\/noticias\/wp-json\/wp\/v2\/categories?post=19231"},{"taxonomy":"post_tag","embeddable":true,"href":"https:\/\/blogdorogeriogomes.com.br\/noticias\/wp-json\/wp\/v2\/tags?post=19231"}],"curies":[{"name":"wp","href":"https:\/\/api.w.org\/{rel}","templated":true}]}}