{"id":19235,"date":"2020-11-29T15:02:18","date_gmt":"2020-11-29T15:02:18","guid":{"rendered":"https:\/\/blogdorogeriogomes.com.br\/?p=19235"},"modified":"2020-11-30T12:35:43","modified_gmt":"2020-11-30T12:35:43","slug":"durante-votacao-em-fortaleza-sarto-projeta-vitoria-e-capitao-wagner-aposta-em-surpresa-no-resultado-das-eleicoes","status":"publish","type":"post","link":"https:\/\/blogdorogeriogomes.com.br\/noticias\/2020\/11\/durante-votacao-em-fortaleza-sarto-projeta-vitoria-e-capitao-wagner-aposta-em-surpresa-no-resultado-das-eleicoes\/","title":{"rendered":"Durante vota\u00e7\u00e3o em Fortaleza, Sarto projeta vit\u00f3ria e Capit\u00e3o Wagner aposta em surpresa no resultado das elei\u00e7\u00f5es"},"content":{"rendered":"\n<p>Os candidatos \u00e0 Prefeitura de Fortaleza, Jos\u00e9 Sarto (PDT) e Capit\u00e3o Wagner (Pros), votaram pela manh\u00e3 neste domingo, dia 29 de novembro, de segundo turno na Capital. Acompanhados de familiares, vices e apoiadores de suas campanhas, ambos mostraram otimismo quanto ao resultado das urnas.<\/p>\n\n\n\n<p>Na lideran\u00e7a das pesquisas com boa margem, o prefeitur\u00e1vel pedetista votou na Apae, no bairro Luciano Cavalcante, acompanhado do vice \u00c9lcio Batista, do governador Camilo Santana (PT), do prefeito Roberto Cl\u00e1udio (PDT), do senador Cid Gomes (PDT), do deputado federal Andr\u00e9 Figueiredo (PDT) e do ex-deputado Domingos Filho (PSD). Sarto tamb\u00e9m posou para fotos com a esposa e a sua famosa cachorrinha Marrion, que fez sucesso nas redes sociais.<\/p>\n\n\n\n<p>Na sa\u00edda do local de vota\u00e7\u00e3o, o candidato destacou que em seu governo dar\u00e1 prioridade inicial a a\u00e7\u00f5es de combate a crise sanit\u00e1ria e econ\u00f4mica. &#8220;Vou dar o meu melhor para continuar os avan\u00e7os de Roberto Cl\u00e1udio, o maior prefeito da hist\u00f3ria de Fortaleza&#8221;, destacou.<\/p>\n\n\n\n<p>Capit\u00e3o Wagner votou na Parquel\u00e2ndia, no Col\u00e9gio Maximus, acompanhado de apoiadores, do senador Eduardo Gir\u00e3o (Podemos) e da vice Kamila Cardoso.<\/p>\n\n\n\n<p>O candidato do Pros refor\u00e7ou o seu compromisso para apresentar aux\u00edlio para a popula\u00e7\u00e3o diante da pandemia da Covid-19, e disse que acredita em &#8220;surpresa para superar a previs\u00e3o das pesquisas&#8221;. Wagner disse ainda que, se eleito, dar\u00e1 agilidade ao retorno das atividades presenciais das aulas da rede municipal de ensino.<\/p>\n\n\n\n<figure class=\"wp-block-image size-large\"><img loading=\"lazy\" decoding=\"async\" width=\"1024\" height=\"678\" src=\"https:\/\/blogdorogeriogomes.com.br\/wp-content\/uploads\/2020\/11\/IMG-20201129-WA0046-1024x678.jpg\" alt=\"\" class=\"wp-image-19236\" srcset=\"https:\/\/blogdorogeriogomes.com.br\/noticias\/wp-content\/uploads\/2020\/11\/IMG-20201129-WA0046-1024x678.jpg 1024w, https:\/\/blogdorogeriogomes.com.br\/noticias\/wp-content\/uploads\/2020\/11\/IMG-20201129-WA0046-300x199.jpg 300w, https:\/\/blogdorogeriogomes.com.br\/noticias\/wp-content\/uploads\/2020\/11\/IMG-20201129-WA0046-768x509.jpg 768w, https:\/\/blogdorogeriogomes.com.br\/noticias\/wp-content\/uploads\/2020\/11\/IMG-20201129-WA0046-800x530.jpg 800w, https:\/\/blogdorogeriogomes.com.br\/noticias\/wp-content\/uploads\/2020\/11\/IMG-20201129-WA0046.jpg 1280w\" sizes=\"auto, (max-width: 1024px) 100vw, 1024px\" \/><\/figure>\n\n\n\n<figure class=\"wp-block-image size-large\"><img loading=\"lazy\" decoding=\"async\" width=\"1024\" height=\"674\" src=\"https:\/\/blogdorogeriogomes.com.br\/wp-content\/uploads\/2020\/11\/wagnerfabi-1024x674-1.jpeg\" alt=\"\" class=\"wp-image-19237\" srcset=\"https:\/\/blogdorogeriogomes.com.br\/noticias\/wp-content\/uploads\/2020\/11\/wagnerfabi-1024x674-1.jpeg 1024w, https:\/\/blogdorogeriogomes.com.br\/noticias\/wp-content\/uploads\/2020\/11\/wagnerfabi-1024x674-1-300x197.jpeg 300w, https:\/\/blogdorogeriogomes.com.br\/noticias\/wp-content\/uploads\/2020\/11\/wagnerfabi-1024x674-1-768x506.jpeg 768w, https:\/\/blogdorogeriogomes.com.br\/noticias\/wp-content\/uploads\/2020\/11\/wagnerfabi-1024x674-1-800x527.jpeg 800w\" sizes=\"auto, (max-width: 1024px) 100vw, 1024px\" \/><\/figure>\n","protected":false},"excerpt":{"rendered":"<p>Os candidatos \u00e0 Prefeitura de Fortaleza, Jos\u00e9 Sarto (PDT) e Capit\u00e3o Wagner (Pros), votaram pela manh\u00e3 neste domingo, dia 29 de novembro, de segundo turno na Capital. Acompanhados de familiares, vices e apoiadores de suas campanhas, ambos mostraram otimismo quanto ao resultado das urnas. Na lideran\u00e7a das pesquisas com boa margem, o prefeitur\u00e1vel pedetista votou na Apae, no bairro Luciano Cavalcante, acompanhado do vice \u00c9lcio Batista, do governador Camilo Santana (PT), do prefeito Roberto Cl\u00e1udio (PDT), do senador Cid&hellip;<\/p>\n","protected":false},"author":1,"featured_media":19237,"comment_status":"open","ping_status":"open","sticky":false,"template":"","format":"standard","meta":{"footnotes":""},"categories":[1],"tags":[],"class_list":["post-19235","post","type-post","status-publish","format-standard","has-post-thumbnail","hentry","category-noticias"],"_links":{"self":[{"href":"https:\/\/blogdorogeriogomes.com.br\/noticias\/wp-json\/wp\/v2\/posts\/19235","targetHints":{"allow":["GET"]}}],"collection":[{"href":"https:\/\/blogdorogeriogomes.com.br\/noticias\/wp-json\/wp\/v2\/posts"}],"about":[{"href":"https:\/\/blogdorogeriogomes.com.br\/noticias\/wp-json\/wp\/v2\/types\/post"}],"author":[{"embeddable":true,"href":"https:\/\/blogdorogeriogomes.com.br\/noticias\/wp-json\/wp\/v2\/users\/1"}],"replies":[{"embeddable":true,"href":"https:\/\/blogdorogeriogomes.com.br\/noticias\/wp-json\/wp\/v2\/comments?post=19235"}],"version-history":[{"count":1,"href":"https:\/\/blogdorogeriogomes.com.br\/noticias\/wp-json\/wp\/v2\/posts\/19235\/revisions"}],"predecessor-version":[{"id":19238,"href":"https:\/\/blogdorogeriogomes.com.br\/noticias\/wp-json\/wp\/v2\/posts\/19235\/revisions\/19238"}],"wp:featuredmedia":[{"embeddable":true,"href":"https:\/\/blogdorogeriogomes.com.br\/noticias\/wp-json\/wp\/v2\/media\/19237"}],"wp:attachment":[{"href":"https:\/\/blogdorogeriogomes.com.br\/noticias\/wp-json\/wp\/v2\/media?parent=19235"}],"wp:term":[{"taxonomy":"category","embeddable":true,"href":"https:\/\/blogdorogeriogomes.com.br\/noticias\/wp-json\/wp\/v2\/categories?post=19235"},{"taxonomy":"post_tag","embeddable":true,"href":"https:\/\/blogdorogeriogomes.com.br\/noticias\/wp-json\/wp\/v2\/tags?post=19235"}],"curies":[{"name":"wp","href":"https:\/\/api.w.org\/{rel}","templated":true}]}}