{"id":19239,"date":"2020-11-29T23:27:15","date_gmt":"2020-11-29T23:27:15","guid":{"rendered":"https:\/\/blogdorogeriogomes.com.br\/?p=19239"},"modified":"2020-11-30T12:34:32","modified_gmt":"2020-11-30T12:34:32","slug":"sarto-nogueira-e-o-novo-prefeito-de-fortaleza","status":"publish","type":"post","link":"https:\/\/blogdorogeriogomes.com.br\/noticias\/2020\/11\/sarto-nogueira-e-o-novo-prefeito-de-fortaleza\/","title":{"rendered":"Sarto Nogueira \u00e9 o novo prefeito de Fortaleza"},"content":{"rendered":"\n<p>O m\u00e9dico Jos\u00e9 Sarto Nogueira (PDT), atual presidente da Assembleia Legislativa do Cear\u00e1, \u00e9 o novo prefeito de Fortaleza. Na disputa do segundo turno, ele superou Capit\u00e3o Wagner (Pros). O pedetista teve 51,69% dos votos e Wagner com 48,31%, com&nbsp;100% das se\u00e7\u00f5es totalizadas. Sarto assumir\u00e1 a Prefeitura de Fortaleza no lugar de Roberto Cl\u00e1udio (PDT), que completa dois mandatos \u00e0 frente do Munic\u00edpio.<\/p>\n\n\n\n<figure class=\"wp-block-image size-large\"><img loading=\"lazy\" decoding=\"async\" width=\"1024\" height=\"615\" src=\"https:\/\/blogdorogeriogomes.com.br\/wp-content\/uploads\/2020\/11\/xjose-sarto.jpg.pagespeed.ic_.1Rm5Vh1UCV-1024x615.jpg\" alt=\"\" class=\"wp-image-19240\" srcset=\"https:\/\/blogdorogeriogomes.com.br\/noticias\/wp-content\/uploads\/2020\/11\/xjose-sarto.jpg.pagespeed.ic_.1Rm5Vh1UCV-1024x615.jpg 1024w, https:\/\/blogdorogeriogomes.com.br\/noticias\/wp-content\/uploads\/2020\/11\/xjose-sarto.jpg.pagespeed.ic_.1Rm5Vh1UCV-300x180.jpg 300w, https:\/\/blogdorogeriogomes.com.br\/noticias\/wp-content\/uploads\/2020\/11\/xjose-sarto.jpg.pagespeed.ic_.1Rm5Vh1UCV-768x461.jpg 768w, https:\/\/blogdorogeriogomes.com.br\/noticias\/wp-content\/uploads\/2020\/11\/xjose-sarto.jpg.pagespeed.ic_.1Rm5Vh1UCV-800x480.jpg 800w, https:\/\/blogdorogeriogomes.com.br\/noticias\/wp-content\/uploads\/2020\/11\/xjose-sarto.jpg.pagespeed.ic_.1Rm5Vh1UCV.jpg 1086w\" sizes=\"auto, (max-width: 1024px) 100vw, 1024px\" \/><\/figure>\n","protected":false},"excerpt":{"rendered":"<p>O m\u00e9dico Jos\u00e9 Sarto Nogueira (PDT), atual presidente da Assembleia Legislativa do Cear\u00e1, \u00e9 o novo prefeito de Fortaleza. Na disputa do segundo turno, ele superou Capit\u00e3o Wagner (Pros). O pedetista teve 51,69% dos votos e Wagner com 48,31%, com&nbsp;100% das se\u00e7\u00f5es totalizadas. Sarto assumir\u00e1 a Prefeitura de Fortaleza no lugar de Roberto Cl\u00e1udio (PDT), que completa dois mandatos \u00e0 frente do Munic\u00edpio.<\/p>\n","protected":false},"author":1,"featured_media":19240,"comment_status":"open","ping_status":"open","sticky":false,"template":"","format":"standard","meta":{"footnotes":""},"categories":[1],"tags":[],"class_list":["post-19239","post","type-post","status-publish","format-standard","has-post-thumbnail","hentry","category-noticias"],"_links":{"self":[{"href":"https:\/\/blogdorogeriogomes.com.br\/noticias\/wp-json\/wp\/v2\/posts\/19239","targetHints":{"allow":["GET"]}}],"collection":[{"href":"https:\/\/blogdorogeriogomes.com.br\/noticias\/wp-json\/wp\/v2\/posts"}],"about":[{"href":"https:\/\/blogdorogeriogomes.com.br\/noticias\/wp-json\/wp\/v2\/types\/post"}],"author":[{"embeddable":true,"href":"https:\/\/blogdorogeriogomes.com.br\/noticias\/wp-json\/wp\/v2\/users\/1"}],"replies":[{"embeddable":true,"href":"https:\/\/blogdorogeriogomes.com.br\/noticias\/wp-json\/wp\/v2\/comments?post=19239"}],"version-history":[{"count":2,"href":"https:\/\/blogdorogeriogomes.com.br\/noticias\/wp-json\/wp\/v2\/posts\/19239\/revisions"}],"predecessor-version":[{"id":19255,"href":"https:\/\/blogdorogeriogomes.com.br\/noticias\/wp-json\/wp\/v2\/posts\/19239\/revisions\/19255"}],"wp:featuredmedia":[{"embeddable":true,"href":"https:\/\/blogdorogeriogomes.com.br\/noticias\/wp-json\/wp\/v2\/media\/19240"}],"wp:attachment":[{"href":"https:\/\/blogdorogeriogomes.com.br\/noticias\/wp-json\/wp\/v2\/media?parent=19239"}],"wp:term":[{"taxonomy":"category","embeddable":true,"href":"https:\/\/blogdorogeriogomes.com.br\/noticias\/wp-json\/wp\/v2\/categories?post=19239"},{"taxonomy":"post_tag","embeddable":true,"href":"https:\/\/blogdorogeriogomes.com.br\/noticias\/wp-json\/wp\/v2\/tags?post=19239"}],"curies":[{"name":"wp","href":"https:\/\/api.w.org\/{rel}","templated":true}]}}