{"id":19242,"date":"2020-11-29T23:42:53","date_gmt":"2020-11-29T23:42:53","guid":{"rendered":"https:\/\/blogdorogeriogomes.com.br\/?p=19242"},"modified":"2020-11-30T12:34:23","modified_gmt":"2020-11-30T12:34:23","slug":"vitor-valim-e-eleito-novo-prefeito-de-caucaia","status":"publish","type":"post","link":"https:\/\/blogdorogeriogomes.com.br\/noticias\/2020\/11\/vitor-valim-e-eleito-novo-prefeito-de-caucaia\/","title":{"rendered":"Vitor Valim \u00e9 eleito novo prefeito de Caucaia"},"content":{"rendered":"\n<p>O deputado estadual Vitor Valim (Pros) \u00e9 o novo prefeito de Caucaia, na Regi\u00e3o Metropolitana de Fortaleza. Ele teve 51,08% dos votos v\u00e1lidos contra o atual prefeito Naumi Amorim (PSD), que tentava a reelei\u00e7\u00e3o. A diferen\u00e7a foi de 3.543 votos. Naumi Amorim obteve 48,9% dos votos.<\/p>\n\n\n\n<figure class=\"wp-block-image size-large\"><img loading=\"lazy\" decoding=\"async\" width=\"1024\" height=\"768\" src=\"https:\/\/blogdorogeriogomes.com.br\/wp-content\/uploads\/2020\/11\/Valim-1024x768.jpeg\" alt=\"\" class=\"wp-image-19243\" srcset=\"https:\/\/blogdorogeriogomes.com.br\/noticias\/wp-content\/uploads\/2020\/11\/Valim-1024x768.jpeg 1024w, https:\/\/blogdorogeriogomes.com.br\/noticias\/wp-content\/uploads\/2020\/11\/Valim-300x225.jpeg 300w, https:\/\/blogdorogeriogomes.com.br\/noticias\/wp-content\/uploads\/2020\/11\/Valim-768x576.jpeg 768w, https:\/\/blogdorogeriogomes.com.br\/noticias\/wp-content\/uploads\/2020\/11\/Valim-800x600.jpeg 800w, https:\/\/blogdorogeriogomes.com.br\/noticias\/wp-content\/uploads\/2020\/11\/Valim-400x300.jpeg 400w, https:\/\/blogdorogeriogomes.com.br\/noticias\/wp-content\/uploads\/2020\/11\/Valim.jpeg 1137w\" sizes=\"auto, (max-width: 1024px) 100vw, 1024px\" \/><\/figure>\n\n\n\n<p><\/p>\n","protected":false},"excerpt":{"rendered":"<p>O deputado estadual Vitor Valim (Pros) \u00e9 o novo prefeito de Caucaia, na Regi\u00e3o Metropolitana de Fortaleza. Ele teve 51,08% dos votos v\u00e1lidos contra o atual prefeito Naumi Amorim (PSD), que tentava a reelei\u00e7\u00e3o. A diferen\u00e7a foi de 3.543 votos. Naumi Amorim obteve 48,9% dos votos.<\/p>\n","protected":false},"author":1,"featured_media":19243,"comment_status":"open","ping_status":"open","sticky":false,"template":"","format":"standard","meta":{"footnotes":""},"categories":[1],"tags":[],"class_list":["post-19242","post","type-post","status-publish","format-standard","has-post-thumbnail","hentry","category-noticias"],"_links":{"self":[{"href":"https:\/\/blogdorogeriogomes.com.br\/noticias\/wp-json\/wp\/v2\/posts\/19242","targetHints":{"allow":["GET"]}}],"collection":[{"href":"https:\/\/blogdorogeriogomes.com.br\/noticias\/wp-json\/wp\/v2\/posts"}],"about":[{"href":"https:\/\/blogdorogeriogomes.com.br\/noticias\/wp-json\/wp\/v2\/types\/post"}],"author":[{"embeddable":true,"href":"https:\/\/blogdorogeriogomes.com.br\/noticias\/wp-json\/wp\/v2\/users\/1"}],"replies":[{"embeddable":true,"href":"https:\/\/blogdorogeriogomes.com.br\/noticias\/wp-json\/wp\/v2\/comments?post=19242"}],"version-history":[{"count":1,"href":"https:\/\/blogdorogeriogomes.com.br\/noticias\/wp-json\/wp\/v2\/posts\/19242\/revisions"}],"predecessor-version":[{"id":19244,"href":"https:\/\/blogdorogeriogomes.com.br\/noticias\/wp-json\/wp\/v2\/posts\/19242\/revisions\/19244"}],"wp:featuredmedia":[{"embeddable":true,"href":"https:\/\/blogdorogeriogomes.com.br\/noticias\/wp-json\/wp\/v2\/media\/19243"}],"wp:attachment":[{"href":"https:\/\/blogdorogeriogomes.com.br\/noticias\/wp-json\/wp\/v2\/media?parent=19242"}],"wp:term":[{"taxonomy":"category","embeddable":true,"href":"https:\/\/blogdorogeriogomes.com.br\/noticias\/wp-json\/wp\/v2\/categories?post=19242"},{"taxonomy":"post_tag","embeddable":true,"href":"https:\/\/blogdorogeriogomes.com.br\/noticias\/wp-json\/wp\/v2\/tags?post=19242"}],"curies":[{"name":"wp","href":"https:\/\/api.w.org\/{rel}","templated":true}]}}