{"id":19250,"date":"2020-11-30T09:31:02","date_gmt":"2020-11-30T09:31:02","guid":{"rendered":"https:\/\/blogdorogeriogomes.com.br\/?p=19250"},"modified":"2020-11-30T12:33:44","modified_gmt":"2020-11-30T12:33:44","slug":"sarto-sera-o-prefeito-de-todos-e-todas-diz-o-governador-camilo-santana","status":"publish","type":"post","link":"https:\/\/blogdorogeriogomes.com.br\/noticias\/2020\/11\/sarto-sera-o-prefeito-de-todos-e-todas-diz-o-governador-camilo-santana\/","title":{"rendered":"&#8220;Sarto ser\u00e1 o prefeito de todos e todas&#8221;, diz o governador Camilo Santana"},"content":{"rendered":"\n<p>Conhecido o resultado das elei\u00e7\u00f5es em Fortaleza, o governador do Cear\u00e1, Camilo Santana, comemorou a vit\u00f3ria do aliado Jos\u00e9 Sarto (PDT) para os pr\u00f3ximos quatro anos \u00e0 frente da Prefeitura da Capital. &#8220;Fortaleza escolheu, de forma democr\u00e1tica e justa, Sarto prefeito pelos pr\u00f3ximos quatro anos. Uma vit\u00f3ria da defesa da verdade, do respeito, da paz e do reconhecimento ao trabalho e \u00e0 enorme disposi\u00e7\u00e3o para enfrentar os muitos desafios que vir\u00e3o pela frente&#8221;, disse Camilo Santana nas redes sociais.<\/p>\n\n\n\n<p>Camilo Santana afirmou ainda que o resultado nas urnas demonstrou \u201cuma vit\u00f3ria da defesa da verdade, do respeito, da paz e do reconhecimento ao trabalho e \u00e0 enorme disposi\u00e7\u00e3o para enfrentar os muitos desafios que vir\u00e3o pela frente. Temos um povo s\u00e1bio, justo e trabalhador, que sempre buscar\u00e1 a escolha do melhor caminho, com a consci\u00eancia tranquila e o cora\u00e7\u00e3o desarmado\u201d.<\/p>\n\n\n\n<figure class=\"wp-block-image size-large\"><img loading=\"lazy\" decoding=\"async\" width=\"512\" height=\"266\" src=\"https:\/\/blogdorogeriogomes.com.br\/wp-content\/uploads\/2020\/11\/unnamed.jpg\" alt=\"\" class=\"wp-image-19249\" srcset=\"https:\/\/blogdorogeriogomes.com.br\/noticias\/wp-content\/uploads\/2020\/11\/unnamed.jpg 512w, https:\/\/blogdorogeriogomes.com.br\/noticias\/wp-content\/uploads\/2020\/11\/unnamed-300x156.jpg 300w\" sizes=\"auto, (max-width: 512px) 100vw, 512px\" \/><\/figure>\n","protected":false},"excerpt":{"rendered":"<p>Conhecido o resultado das elei\u00e7\u00f5es em Fortaleza, o governador do Cear\u00e1, Camilo Santana, comemorou a vit\u00f3ria do aliado Jos\u00e9 Sarto (PDT) para os pr\u00f3ximos quatro anos \u00e0 frente da Prefeitura da Capital. &#8220;Fortaleza escolheu, de forma democr\u00e1tica e justa, Sarto prefeito pelos pr\u00f3ximos quatro anos. Uma vit\u00f3ria da defesa da verdade, do respeito, da paz e do reconhecimento ao trabalho e \u00e0 enorme disposi\u00e7\u00e3o para enfrentar os muitos desafios que vir\u00e3o pela frente&#8221;, disse Camilo Santana nas redes sociais.&hellip;<\/p>\n","protected":false},"author":1,"featured_media":19249,"comment_status":"open","ping_status":"open","sticky":false,"template":"","format":"standard","meta":{"footnotes":""},"categories":[1],"tags":[],"class_list":["post-19250","post","type-post","status-publish","format-standard","has-post-thumbnail","hentry","category-noticias"],"_links":{"self":[{"href":"https:\/\/blogdorogeriogomes.com.br\/noticias\/wp-json\/wp\/v2\/posts\/19250","targetHints":{"allow":["GET"]}}],"collection":[{"href":"https:\/\/blogdorogeriogomes.com.br\/noticias\/wp-json\/wp\/v2\/posts"}],"about":[{"href":"https:\/\/blogdorogeriogomes.com.br\/noticias\/wp-json\/wp\/v2\/types\/post"}],"author":[{"embeddable":true,"href":"https:\/\/blogdorogeriogomes.com.br\/noticias\/wp-json\/wp\/v2\/users\/1"}],"replies":[{"embeddable":true,"href":"https:\/\/blogdorogeriogomes.com.br\/noticias\/wp-json\/wp\/v2\/comments?post=19250"}],"version-history":[{"count":1,"href":"https:\/\/blogdorogeriogomes.com.br\/noticias\/wp-json\/wp\/v2\/posts\/19250\/revisions"}],"predecessor-version":[{"id":19251,"href":"https:\/\/blogdorogeriogomes.com.br\/noticias\/wp-json\/wp\/v2\/posts\/19250\/revisions\/19251"}],"wp:featuredmedia":[{"embeddable":true,"href":"https:\/\/blogdorogeriogomes.com.br\/noticias\/wp-json\/wp\/v2\/media\/19249"}],"wp:attachment":[{"href":"https:\/\/blogdorogeriogomes.com.br\/noticias\/wp-json\/wp\/v2\/media?parent=19250"}],"wp:term":[{"taxonomy":"category","embeddable":true,"href":"https:\/\/blogdorogeriogomes.com.br\/noticias\/wp-json\/wp\/v2\/categories?post=19250"},{"taxonomy":"post_tag","embeddable":true,"href":"https:\/\/blogdorogeriogomes.com.br\/noticias\/wp-json\/wp\/v2\/tags?post=19250"}],"curies":[{"name":"wp","href":"https:\/\/api.w.org\/{rel}","templated":true}]}}