{"id":19257,"date":"2020-11-30T14:28:36","date_gmt":"2020-11-30T14:28:36","guid":{"rendered":"https:\/\/blogdorogeriogomes.com.br\/?p=19257"},"modified":"2020-12-01T13:51:35","modified_gmt":"2020-12-01T13:51:35","slug":"com-vitoria-de-deputados-em-eleicoes-para-prefeito-assembleia-legislativa-tera-posse-de-suplentes-em-2021","status":"publish","type":"post","link":"https:\/\/blogdorogeriogomes.com.br\/noticias\/2020\/11\/com-vitoria-de-deputados-em-eleicoes-para-prefeito-assembleia-legislativa-tera-posse-de-suplentes-em-2021\/","title":{"rendered":"Com vit\u00f3ria de deputados em elei\u00e7\u00f5es para prefeito, Assembleia Legislativa ter\u00e1 posse de suplentes em 2021"},"content":{"rendered":"\n<p>O fim das elei\u00e7\u00f5es municipais no \u00faltimo domingo, dia 29 de novembro, consolidou uma altera\u00e7\u00e3o na casa dos 10% da composi\u00e7\u00e3o da Assembleia Legislativa do Cear\u00e1. Com deputados estaduais eleitos para prefeituras, ao todo cinco suplentes ser\u00e3o efetivados no Parlamento Estadual em 2021.<\/p>\n\n\n\n<p>A mudan\u00e7a come\u00e7a pela presid\u00eancia da AL-CE. Jos\u00e9 Sarto (PDT) foi eleito prefeito de Fortaleza. Ao deixar o mandato, ser\u00e1 efetivado o suplente da da coliga\u00e7\u00e3o PP\/PDT\/PR\/DEM\/PRP, Manoel Duca (PDT). E ficar\u00e1 a expectativa da articula\u00e7\u00e3o dos parlamentares para escolha do novo presidente.<\/p>\n\n\n\n<p>Eleito no segundo turno em Caucaia, o deputado estadual Vitor Valim (Pros) deixa a vaga para o seu suplente Toni Brito (Pros).<\/p>\n\n\n\n<p>Al\u00e9m dos dois candidatos que venceram o segundo turno, Bruno Gon\u00e7alves (PL), Nezinho Farias (PDT) e Patr\u00edcia Aguiar (PSD) foram eleitos prefeitos em primeiro turno nos munic\u00edpios de Aquiraz, Horizonte e Tau\u00e1, respectivamente. Gon\u00e7alves cede a cadeira para Gordim Ara\u00fajo (Patri), Nezinho \u00e9 substitu\u00eddo por Luc\u00edlvio Gir\u00e3o (PP) e Patr\u00edcia deixa seu suplente Davi de Raimund\u00e3o (MDB).<\/p>\n\n\n\n<figure class=\"wp-block-image size-large\"><img loading=\"lazy\" decoding=\"async\" width=\"750\" height=\"400\" src=\"https:\/\/blogdorogeriogomes.com.br\/wp-content\/uploads\/2020\/11\/images-11-1.jpeg\" alt=\"\" class=\"wp-image-19258\" srcset=\"https:\/\/blogdorogeriogomes.com.br\/noticias\/wp-content\/uploads\/2020\/11\/images-11-1.jpeg 750w, https:\/\/blogdorogeriogomes.com.br\/noticias\/wp-content\/uploads\/2020\/11\/images-11-1-300x160.jpeg 300w\" sizes=\"auto, (max-width: 750px) 100vw, 750px\" \/><\/figure>\n","protected":false},"excerpt":{"rendered":"<p>O fim das elei\u00e7\u00f5es municipais no \u00faltimo domingo, dia 29 de novembro, consolidou uma altera\u00e7\u00e3o na casa dos 10% da composi\u00e7\u00e3o da Assembleia Legislativa do Cear\u00e1. Com deputados estaduais eleitos para prefeituras, ao todo cinco suplentes ser\u00e3o efetivados no Parlamento Estadual em 2021. A mudan\u00e7a come\u00e7a pela presid\u00eancia da AL-CE. Jos\u00e9 Sarto (PDT) foi eleito prefeito de Fortaleza. Ao deixar o mandato, ser\u00e1 efetivado o suplente da da coliga\u00e7\u00e3o PP\/PDT\/PR\/DEM\/PRP, Manoel Duca (PDT). E ficar\u00e1 a expectativa da articula\u00e7\u00e3o&hellip;<\/p>\n","protected":false},"author":1,"featured_media":19258,"comment_status":"open","ping_status":"open","sticky":false,"template":"","format":"standard","meta":{"footnotes":""},"categories":[1],"tags":[],"class_list":["post-19257","post","type-post","status-publish","format-standard","has-post-thumbnail","hentry","category-noticias"],"_links":{"self":[{"href":"https:\/\/blogdorogeriogomes.com.br\/noticias\/wp-json\/wp\/v2\/posts\/19257","targetHints":{"allow":["GET"]}}],"collection":[{"href":"https:\/\/blogdorogeriogomes.com.br\/noticias\/wp-json\/wp\/v2\/posts"}],"about":[{"href":"https:\/\/blogdorogeriogomes.com.br\/noticias\/wp-json\/wp\/v2\/types\/post"}],"author":[{"embeddable":true,"href":"https:\/\/blogdorogeriogomes.com.br\/noticias\/wp-json\/wp\/v2\/users\/1"}],"replies":[{"embeddable":true,"href":"https:\/\/blogdorogeriogomes.com.br\/noticias\/wp-json\/wp\/v2\/comments?post=19257"}],"version-history":[{"count":1,"href":"https:\/\/blogdorogeriogomes.com.br\/noticias\/wp-json\/wp\/v2\/posts\/19257\/revisions"}],"predecessor-version":[{"id":19259,"href":"https:\/\/blogdorogeriogomes.com.br\/noticias\/wp-json\/wp\/v2\/posts\/19257\/revisions\/19259"}],"wp:featuredmedia":[{"embeddable":true,"href":"https:\/\/blogdorogeriogomes.com.br\/noticias\/wp-json\/wp\/v2\/media\/19258"}],"wp:attachment":[{"href":"https:\/\/blogdorogeriogomes.com.br\/noticias\/wp-json\/wp\/v2\/media?parent=19257"}],"wp:term":[{"taxonomy":"category","embeddable":true,"href":"https:\/\/blogdorogeriogomes.com.br\/noticias\/wp-json\/wp\/v2\/categories?post=19257"},{"taxonomy":"post_tag","embeddable":true,"href":"https:\/\/blogdorogeriogomes.com.br\/noticias\/wp-json\/wp\/v2\/tags?post=19257"}],"curies":[{"name":"wp","href":"https:\/\/api.w.org\/{rel}","templated":true}]}}