{"id":19260,"date":"2020-11-30T19:17:17","date_gmt":"2020-11-30T19:17:17","guid":{"rendered":"https:\/\/blogdorogeriogomes.com.br\/?p=19260"},"modified":"2020-12-01T13:51:25","modified_gmt":"2020-12-01T13:51:25","slug":"prefeito-eleito-jose-sarto-tera-um-mes-para-transicao-e-apresentacao-de-um-novo-secretariado-municipal","status":"publish","type":"post","link":"https:\/\/blogdorogeriogomes.com.br\/noticias\/2020\/11\/prefeito-eleito-jose-sarto-tera-um-mes-para-transicao-e-apresentacao-de-um-novo-secretariado-municipal\/","title":{"rendered":"Prefeito eleito Jos\u00e9 Sarto ter\u00e1 um m\u00eas para transi\u00e7\u00e3o e apresenta\u00e7\u00e3o de um novo secretariado municipal"},"content":{"rendered":"\n<p>Devido ao cen\u00e1rio de pandemia, o calend\u00e1rio eleitoral chegou ao fim apenas \u00e0s v\u00e9speras de dezembro. Vitorioso na disputa pela Prefeitura de Fortaleza, Jos\u00e9 Sarto (PDT) j\u00e1 busca com agilidade fechar o planejamento para o in\u00edcio de sua gest\u00e3o. O novo executivo receber\u00e1 o cargo no Pa\u00e7o Municipal no dia 1\u00b0 de janeiro de 2021, substituindo o seu aliado Roberto Cl\u00e1udio (PDT) ap\u00f3s dois mandatos.<\/p>\n\n\n\n<p>Uma das mais urgentes quest\u00f5es ser\u00e1 a defini\u00e7\u00e3o do secretariado da Capital. Sarto afirma que os nomes devem ser apresentados somente na \u00faltima semana de dezembro, com decis\u00e3o fechada pr\u00f3xima da data de posse.<\/p>\n\n\n\n<p>&#8220;N\u00f3s vamos correr contra o tempo para montar uma equipe de transi\u00e7\u00e3o&#8221;, disse ap\u00f3s a vit\u00f3ria na noite de domingo. A previs\u00e3o \u00e9 de que as reuni\u00f5es para essa pauta iniciem nesta quarta-feira, dia 2 de dezembro.<\/p>\n\n\n\n<p>Apesar de indefinido o quadro de secret\u00e1rios para o pr\u00f3ximo ano, Sarto garante que j\u00e1 disp\u00f5e de alguns nomes na mesa e n\u00e3o descartar manter quadros da equipe de Roberto Cl\u00e1udio.<\/p>\n\n\n\n<p>&#8220;A prioridade \u00e9 a prepara\u00e7\u00e3o t\u00e9cnica para as \u00e1reas t\u00e9cnicas, como sa\u00fade e educa\u00e7\u00e3o, porque a pandemia ainda est\u00e1 aqui e precisamos ter muito cuidado&#8221;, afirmou em entrevista \u00e0 TV Verdes Mares.<\/p>\n\n\n\n<p>O prefeito eleito tamb\u00e9m ressaltou que ir\u00e1, ao longo do m\u00eas de dezembro, conversar com a nova composi\u00e7\u00e3o da C\u00e2mara Municipal de Fortaleza com o objetivo de tra\u00e7ar a melhor rela\u00e7\u00e3o poss\u00edvel com o Legislativo da Capital.<\/p>\n\n\n\n<figure class=\"wp-block-image size-large\"><img loading=\"lazy\" decoding=\"async\" width=\"468\" height=\"702\" src=\"https:\/\/blogdorogeriogomes.com.br\/wp-content\/uploads\/2020\/11\/IMG-20201022-WA0109.jpg\" alt=\"\" class=\"wp-image-19261\" srcset=\"https:\/\/blogdorogeriogomes.com.br\/noticias\/wp-content\/uploads\/2020\/11\/IMG-20201022-WA0109.jpg 468w, https:\/\/blogdorogeriogomes.com.br\/noticias\/wp-content\/uploads\/2020\/11\/IMG-20201022-WA0109-200x300.jpg 200w\" sizes=\"auto, (max-width: 468px) 100vw, 468px\" \/><\/figure>\n","protected":false},"excerpt":{"rendered":"<p>Devido ao cen\u00e1rio de pandemia, o calend\u00e1rio eleitoral chegou ao fim apenas \u00e0s v\u00e9speras de dezembro. Vitorioso na disputa pela Prefeitura de Fortaleza, Jos\u00e9 Sarto (PDT) j\u00e1 busca com agilidade fechar o planejamento para o in\u00edcio de sua gest\u00e3o. O novo executivo receber\u00e1 o cargo no Pa\u00e7o Municipal no dia 1\u00b0 de janeiro de 2021, substituindo o seu aliado Roberto Cl\u00e1udio (PDT) ap\u00f3s dois mandatos. Uma das mais urgentes quest\u00f5es ser\u00e1 a defini\u00e7\u00e3o do secretariado da Capital. Sarto afirma&hellip;<\/p>\n","protected":false},"author":1,"featured_media":19261,"comment_status":"open","ping_status":"open","sticky":false,"template":"","format":"standard","meta":{"footnotes":""},"categories":[1],"tags":[],"class_list":["post-19260","post","type-post","status-publish","format-standard","has-post-thumbnail","hentry","category-noticias"],"_links":{"self":[{"href":"https:\/\/blogdorogeriogomes.com.br\/noticias\/wp-json\/wp\/v2\/posts\/19260","targetHints":{"allow":["GET"]}}],"collection":[{"href":"https:\/\/blogdorogeriogomes.com.br\/noticias\/wp-json\/wp\/v2\/posts"}],"about":[{"href":"https:\/\/blogdorogeriogomes.com.br\/noticias\/wp-json\/wp\/v2\/types\/post"}],"author":[{"embeddable":true,"href":"https:\/\/blogdorogeriogomes.com.br\/noticias\/wp-json\/wp\/v2\/users\/1"}],"replies":[{"embeddable":true,"href":"https:\/\/blogdorogeriogomes.com.br\/noticias\/wp-json\/wp\/v2\/comments?post=19260"}],"version-history":[{"count":1,"href":"https:\/\/blogdorogeriogomes.com.br\/noticias\/wp-json\/wp\/v2\/posts\/19260\/revisions"}],"predecessor-version":[{"id":19262,"href":"https:\/\/blogdorogeriogomes.com.br\/noticias\/wp-json\/wp\/v2\/posts\/19260\/revisions\/19262"}],"wp:featuredmedia":[{"embeddable":true,"href":"https:\/\/blogdorogeriogomes.com.br\/noticias\/wp-json\/wp\/v2\/media\/19261"}],"wp:attachment":[{"href":"https:\/\/blogdorogeriogomes.com.br\/noticias\/wp-json\/wp\/v2\/media?parent=19260"}],"wp:term":[{"taxonomy":"category","embeddable":true,"href":"https:\/\/blogdorogeriogomes.com.br\/noticias\/wp-json\/wp\/v2\/categories?post=19260"},{"taxonomy":"post_tag","embeddable":true,"href":"https:\/\/blogdorogeriogomes.com.br\/noticias\/wp-json\/wp\/v2\/tags?post=19260"}],"curies":[{"name":"wp","href":"https:\/\/api.w.org\/{rel}","templated":true}]}}