{"id":19263,"date":"2020-12-01T09:29:46","date_gmt":"2020-12-01T09:29:46","guid":{"rendered":"https:\/\/blogdorogeriogomes.com.br\/?p=19263"},"modified":"2020-12-01T13:51:17","modified_gmt":"2020-12-01T13:51:17","slug":"sergio-moro-tera-de-se-explicar-a-oab-sobre-nova-atuacao-de-consultoria-para-empresas-que-quebraram-apos-serem-alvo-da-lava-jato","status":"publish","type":"post","link":"https:\/\/blogdorogeriogomes.com.br\/noticias\/2020\/12\/sergio-moro-tera-de-se-explicar-a-oab-sobre-nova-atuacao-de-consultoria-para-empresas-que-quebraram-apos-serem-alvo-da-lava-jato\/","title":{"rendered":"Sergio Moro ter\u00e1 de se explicar a OAB sobre nova atua\u00e7\u00e3o de consultoria para empresas que &#8220;quebraram&#8221; ap\u00f3s serem alvo da Lava Jato"},"content":{"rendered":"\n<p>Para quem alimentava o desejo de ser pr\u00e9 candidato \u00e0 Presid\u00eancia da Rep\u00fablica em 2022, pegou mal para o ex-juiz e ex-ministro Sergio Moro a contrata\u00e7\u00e3o dele por uma empresa que atua na recupera\u00e7\u00e3o judicial de empresas, que foram alvo da Opera\u00e7\u00e3o Lava Jato.<\/p>\n\n\n\n<p>O Conselho Federal da Ordem dos Advogados do Brasil (OAB) vai pedir esclarecimentos ao ex-ministro da Justi\u00e7a, que agora atua como advogado, sobre o seu novo trabalho na consultoria internacional Alvarez &amp; Marsal. O \u00f3rg\u00e3o quer saber saber se sua fun\u00e7\u00e3o ter\u00e1 alguma rela\u00e7\u00e3o com a advocacia e onde se dar\u00e1 a presta\u00e7\u00e3o do servi\u00e7o.<\/p>\n\n\n\n<p>A consultoria Alvarez &amp; Marsal (A&amp;M), com sede nos Estados Unidos, administra a recupera\u00e7\u00e3o judicial da Odebrecht e OAS, empresas quebradas pela Lava Jato, comandada pelo ent\u00e3o juiz Sergio Moro, que ser\u00e1 s\u00f3cio-diretor da A&amp;M em S\u00e3o Paulo.<\/p>\n\n\n\n<p>Para quem tem conhecimento de todas as opera\u00e7\u00f5es da Lava Jato no desmonte da Odebrecht e OAS, \u00e9 no m\u00ednimo incoerente para Sergio Moro atuar agora como consultor (devidamente bem pago) para recuper\u00e1-las judicialmente. Quanto mais o tempo passa, mais o ex-ministro d\u00e1 sinais de parcialidade em toda a sua participa\u00e7\u00e3o na Lava Jato e depois sua ida para o Governo Bolsonaro, de onde saiu de maneira vexat\u00f3ria.<\/p>\n\n\n\n<figure class=\"wp-block-image size-large\"><img loading=\"lazy\" decoding=\"async\" width=\"610\" height=\"380\" src=\"https:\/\/blogdorogeriogomes.com.br\/wp-content\/uploads\/2020\/12\/20200714080740_26595413-ce5b-43f4-8879-fd52aa8c1d40.jpeg\" alt=\"\" class=\"wp-image-19264\" srcset=\"https:\/\/blogdorogeriogomes.com.br\/noticias\/wp-content\/uploads\/2020\/12\/20200714080740_26595413-ce5b-43f4-8879-fd52aa8c1d40.jpeg 610w, https:\/\/blogdorogeriogomes.com.br\/noticias\/wp-content\/uploads\/2020\/12\/20200714080740_26595413-ce5b-43f4-8879-fd52aa8c1d40-300x187.jpeg 300w\" sizes=\"auto, (max-width: 610px) 100vw, 610px\" \/><\/figure>\n","protected":false},"excerpt":{"rendered":"<p>Para quem alimentava o desejo de ser pr\u00e9 candidato \u00e0 Presid\u00eancia da Rep\u00fablica em 2022, pegou mal para o ex-juiz e ex-ministro Sergio Moro a contrata\u00e7\u00e3o dele por uma empresa que atua na recupera\u00e7\u00e3o judicial de empresas, que foram alvo da Opera\u00e7\u00e3o Lava Jato. O Conselho Federal da Ordem dos Advogados do Brasil (OAB) vai pedir esclarecimentos ao ex-ministro da Justi\u00e7a, que agora atua como advogado, sobre o seu novo trabalho na consultoria internacional Alvarez &amp; Marsal. O \u00f3rg\u00e3o&hellip;<\/p>\n","protected":false},"author":1,"featured_media":19264,"comment_status":"open","ping_status":"open","sticky":false,"template":"","format":"standard","meta":{"footnotes":""},"categories":[1],"tags":[],"class_list":["post-19263","post","type-post","status-publish","format-standard","has-post-thumbnail","hentry","category-noticias"],"_links":{"self":[{"href":"https:\/\/blogdorogeriogomes.com.br\/noticias\/wp-json\/wp\/v2\/posts\/19263","targetHints":{"allow":["GET"]}}],"collection":[{"href":"https:\/\/blogdorogeriogomes.com.br\/noticias\/wp-json\/wp\/v2\/posts"}],"about":[{"href":"https:\/\/blogdorogeriogomes.com.br\/noticias\/wp-json\/wp\/v2\/types\/post"}],"author":[{"embeddable":true,"href":"https:\/\/blogdorogeriogomes.com.br\/noticias\/wp-json\/wp\/v2\/users\/1"}],"replies":[{"embeddable":true,"href":"https:\/\/blogdorogeriogomes.com.br\/noticias\/wp-json\/wp\/v2\/comments?post=19263"}],"version-history":[{"count":1,"href":"https:\/\/blogdorogeriogomes.com.br\/noticias\/wp-json\/wp\/v2\/posts\/19263\/revisions"}],"predecessor-version":[{"id":19265,"href":"https:\/\/blogdorogeriogomes.com.br\/noticias\/wp-json\/wp\/v2\/posts\/19263\/revisions\/19265"}],"wp:featuredmedia":[{"embeddable":true,"href":"https:\/\/blogdorogeriogomes.com.br\/noticias\/wp-json\/wp\/v2\/media\/19264"}],"wp:attachment":[{"href":"https:\/\/blogdorogeriogomes.com.br\/noticias\/wp-json\/wp\/v2\/media?parent=19263"}],"wp:term":[{"taxonomy":"category","embeddable":true,"href":"https:\/\/blogdorogeriogomes.com.br\/noticias\/wp-json\/wp\/v2\/categories?post=19263"},{"taxonomy":"post_tag","embeddable":true,"href":"https:\/\/blogdorogeriogomes.com.br\/noticias\/wp-json\/wp\/v2\/tags?post=19263"}],"curies":[{"name":"wp","href":"https:\/\/api.w.org\/{rel}","templated":true}]}}