{"id":19272,"date":"2020-12-01T18:05:23","date_gmt":"2020-12-01T18:05:23","guid":{"rendered":"https:\/\/blogdorogeriogomes.com.br\/?p=19272"},"modified":"2020-12-02T10:55:21","modified_gmt":"2020-12-02T10:55:21","slug":"governo-do-ceara-anuncia-tablets-para-alunos-de-escolas-de-ensino-medio-e-universidades-estaduais","status":"publish","type":"post","link":"https:\/\/blogdorogeriogomes.com.br\/noticias\/2020\/12\/governo-do-ceara-anuncia-tablets-para-alunos-de-escolas-de-ensino-medio-e-universidades-estaduais\/","title":{"rendered":"Governo do Cear\u00e1 anuncia tablets para alunos de escolas de Ensino M\u00e9dio e universidades estaduais"},"content":{"rendered":"\n<p>A partir de 2021, estudantes da rede p\u00fablica estadual e de universidades estaduais receber\u00e3o tablets para auxiliar nos estudos pelos pr\u00f3ximos tr\u00eas anos. O an\u00fancio foi feito pelo governador do Cear\u00e1, Camilo Santana, nesta ter\u00e7a-feira, dia 1\u00b0 de dezembro.<\/p>\n\n\n\n<p>Segundo Camilo, o contexto de pandemia chamou aten\u00e7\u00e3o sobre a necessidade do Governo do Cear\u00e1 ampliar as solu\u00e7\u00f5es tecnol\u00f3gicas e de conectividade dentro das institui\u00e7\u00f5es de ensino do Estado.<\/p>\n\n\n\n<p>A a\u00e7\u00e3o da gest\u00e3o estadual, complementou o governador, tem como principal objetivo a universaliza\u00e7\u00e3o das escolas de tempo integral no Cear\u00e1. O chefe executivo tamb\u00e9m destacou que as pol\u00edticas p\u00fablicas voltadas \u00e0 Educa\u00e7\u00e3o t\u00eam colaborado para a queda da evas\u00e3o escolar, que hoje est\u00e1 em 3% no Cear\u00e1.<\/p>\n\n\n\n<p>Est\u00e3o sendo distribu\u00eddos chips com 20 megabytes para os 347 mil alunos da rede p\u00fablica, al\u00e9m de estudantes de baixa renda das universidades.<\/p>\n\n\n\n<p>&#8220;O importante \u00e9 que os alunos se conectem com as comunidades, envolv\u00ea-las, de forma que eles prestem servi\u00e7o e orienta\u00e7\u00e3o a elas&#8221;, afirmou Camilo.<\/p>\n\n\n\n<figure class=\"wp-block-image size-large\"><img loading=\"lazy\" decoding=\"async\" width=\"765\" height=\"401\" src=\"https:\/\/blogdorogeriogomes.com.br\/wp-content\/uploads\/2020\/12\/images.jpeg\" alt=\"\" class=\"wp-image-19273\" srcset=\"https:\/\/blogdorogeriogomes.com.br\/noticias\/wp-content\/uploads\/2020\/12\/images.jpeg 765w, https:\/\/blogdorogeriogomes.com.br\/noticias\/wp-content\/uploads\/2020\/12\/images-300x157.jpeg 300w\" sizes=\"auto, (max-width: 765px) 100vw, 765px\" \/><\/figure>\n","protected":false},"excerpt":{"rendered":"<p>A partir de 2021, estudantes da rede p\u00fablica estadual e de universidades estaduais receber\u00e3o tablets para auxiliar nos estudos pelos pr\u00f3ximos tr\u00eas anos. O an\u00fancio foi feito pelo governador do Cear\u00e1, Camilo Santana, nesta ter\u00e7a-feira, dia 1\u00b0 de dezembro. Segundo Camilo, o contexto de pandemia chamou aten\u00e7\u00e3o sobre a necessidade do Governo do Cear\u00e1 ampliar as solu\u00e7\u00f5es tecnol\u00f3gicas e de conectividade dentro das institui\u00e7\u00f5es de ensino do Estado. A a\u00e7\u00e3o da gest\u00e3o estadual, complementou o governador, tem como principal&hellip;<\/p>\n","protected":false},"author":1,"featured_media":19273,"comment_status":"open","ping_status":"open","sticky":false,"template":"","format":"standard","meta":{"footnotes":""},"categories":[1],"tags":[],"class_list":["post-19272","post","type-post","status-publish","format-standard","has-post-thumbnail","hentry","category-noticias"],"_links":{"self":[{"href":"https:\/\/blogdorogeriogomes.com.br\/noticias\/wp-json\/wp\/v2\/posts\/19272","targetHints":{"allow":["GET"]}}],"collection":[{"href":"https:\/\/blogdorogeriogomes.com.br\/noticias\/wp-json\/wp\/v2\/posts"}],"about":[{"href":"https:\/\/blogdorogeriogomes.com.br\/noticias\/wp-json\/wp\/v2\/types\/post"}],"author":[{"embeddable":true,"href":"https:\/\/blogdorogeriogomes.com.br\/noticias\/wp-json\/wp\/v2\/users\/1"}],"replies":[{"embeddable":true,"href":"https:\/\/blogdorogeriogomes.com.br\/noticias\/wp-json\/wp\/v2\/comments?post=19272"}],"version-history":[{"count":1,"href":"https:\/\/blogdorogeriogomes.com.br\/noticias\/wp-json\/wp\/v2\/posts\/19272\/revisions"}],"predecessor-version":[{"id":19274,"href":"https:\/\/blogdorogeriogomes.com.br\/noticias\/wp-json\/wp\/v2\/posts\/19272\/revisions\/19274"}],"wp:featuredmedia":[{"embeddable":true,"href":"https:\/\/blogdorogeriogomes.com.br\/noticias\/wp-json\/wp\/v2\/media\/19273"}],"wp:attachment":[{"href":"https:\/\/blogdorogeriogomes.com.br\/noticias\/wp-json\/wp\/v2\/media?parent=19272"}],"wp:term":[{"taxonomy":"category","embeddable":true,"href":"https:\/\/blogdorogeriogomes.com.br\/noticias\/wp-json\/wp\/v2\/categories?post=19272"},{"taxonomy":"post_tag","embeddable":true,"href":"https:\/\/blogdorogeriogomes.com.br\/noticias\/wp-json\/wp\/v2\/tags?post=19272"}],"curies":[{"name":"wp","href":"https:\/\/api.w.org\/{rel}","templated":true}]}}