{"id":19275,"date":"2020-12-01T19:27:47","date_gmt":"2020-12-01T19:27:47","guid":{"rendered":"https:\/\/blogdorogeriogomes.com.br\/?p=19275"},"modified":"2020-12-02T10:54:33","modified_gmt":"2020-12-02T10:54:33","slug":"prefeito-eleito-de-fortaleza-jose-sarto-reune-liderancas-partidarias-nesta-quarta-feira","status":"publish","type":"post","link":"https:\/\/blogdorogeriogomes.com.br\/noticias\/2020\/12\/prefeito-eleito-de-fortaleza-jose-sarto-reune-liderancas-partidarias-nesta-quarta-feira\/","title":{"rendered":"Prefeito eleito de Fortaleza, Jos\u00e9 Sarto, re\u00fane lideran\u00e7as partid\u00e1rias nesta quarta-feira"},"content":{"rendered":"\n<p>O presidente da Assembleia Legislativa do Cear\u00e1, Jos\u00e9 Sarto (PDT), prefeito eleito de Fortaleza, re\u00fane lideran\u00e7as partid\u00e1rias \u00e0s 9 horas desta quarta-feira, dia 2 de dezembro. O encontro ser\u00e1 realizado no Sal\u00e3o Nobre da Presid\u00eancia do Parlamento Estadual e contar\u00e1 com a presen\u00e7a de representantes de partidos que comp\u00f5em a coliga\u00e7\u00e3o Fortaleza Cada Vez Melhor e de siglas que apoiaram a candidatura de Sarto no segundo turno. Ap\u00f3s a reuni\u00e3o, ser\u00e1 concedida coletiva de imprensa.<\/p>\n\n\n\n<figure class=\"wp-block-image size-large\"><img loading=\"lazy\" decoding=\"async\" width=\"1024\" height=\"768\" src=\"https:\/\/blogdorogeriogomes.com.br\/wp-content\/uploads\/2020\/11\/sarto-1024x768.jpeg\" alt=\"\" class=\"wp-image-19046\" srcset=\"https:\/\/blogdorogeriogomes.com.br\/noticias\/wp-content\/uploads\/2020\/11\/sarto-1024x768.jpeg 1024w, https:\/\/blogdorogeriogomes.com.br\/noticias\/wp-content\/uploads\/2020\/11\/sarto-300x225.jpeg 300w, https:\/\/blogdorogeriogomes.com.br\/noticias\/wp-content\/uploads\/2020\/11\/sarto-768x576.jpeg 768w, https:\/\/blogdorogeriogomes.com.br\/noticias\/wp-content\/uploads\/2020\/11\/sarto-800x600.jpeg 800w, https:\/\/blogdorogeriogomes.com.br\/noticias\/wp-content\/uploads\/2020\/11\/sarto-400x300.jpeg 400w, https:\/\/blogdorogeriogomes.com.br\/noticias\/wp-content\/uploads\/2020\/11\/sarto.jpeg 1137w\" sizes=\"auto, (max-width: 1024px) 100vw, 1024px\" \/><\/figure>\n","protected":false},"excerpt":{"rendered":"<p>O presidente da Assembleia Legislativa do Cear\u00e1, Jos\u00e9 Sarto (PDT), prefeito eleito de Fortaleza, re\u00fane lideran\u00e7as partid\u00e1rias \u00e0s 9 horas desta quarta-feira, dia 2 de dezembro. O encontro ser\u00e1 realizado no Sal\u00e3o Nobre da Presid\u00eancia do Parlamento Estadual e contar\u00e1 com a presen\u00e7a de representantes de partidos que comp\u00f5em a coliga\u00e7\u00e3o Fortaleza Cada Vez Melhor e de siglas que apoiaram a candidatura de Sarto no segundo turno. Ap\u00f3s a reuni\u00e3o, ser\u00e1 concedida coletiva de imprensa.<\/p>\n","protected":false},"author":1,"featured_media":19046,"comment_status":"open","ping_status":"open","sticky":false,"template":"","format":"standard","meta":{"footnotes":""},"categories":[1],"tags":[],"class_list":["post-19275","post","type-post","status-publish","format-standard","has-post-thumbnail","hentry","category-noticias"],"_links":{"self":[{"href":"https:\/\/blogdorogeriogomes.com.br\/noticias\/wp-json\/wp\/v2\/posts\/19275","targetHints":{"allow":["GET"]}}],"collection":[{"href":"https:\/\/blogdorogeriogomes.com.br\/noticias\/wp-json\/wp\/v2\/posts"}],"about":[{"href":"https:\/\/blogdorogeriogomes.com.br\/noticias\/wp-json\/wp\/v2\/types\/post"}],"author":[{"embeddable":true,"href":"https:\/\/blogdorogeriogomes.com.br\/noticias\/wp-json\/wp\/v2\/users\/1"}],"replies":[{"embeddable":true,"href":"https:\/\/blogdorogeriogomes.com.br\/noticias\/wp-json\/wp\/v2\/comments?post=19275"}],"version-history":[{"count":1,"href":"https:\/\/blogdorogeriogomes.com.br\/noticias\/wp-json\/wp\/v2\/posts\/19275\/revisions"}],"predecessor-version":[{"id":19276,"href":"https:\/\/blogdorogeriogomes.com.br\/noticias\/wp-json\/wp\/v2\/posts\/19275\/revisions\/19276"}],"wp:featuredmedia":[{"embeddable":true,"href":"https:\/\/blogdorogeriogomes.com.br\/noticias\/wp-json\/wp\/v2\/media\/19046"}],"wp:attachment":[{"href":"https:\/\/blogdorogeriogomes.com.br\/noticias\/wp-json\/wp\/v2\/media?parent=19275"}],"wp:term":[{"taxonomy":"category","embeddable":true,"href":"https:\/\/blogdorogeriogomes.com.br\/noticias\/wp-json\/wp\/v2\/categories?post=19275"},{"taxonomy":"post_tag","embeddable":true,"href":"https:\/\/blogdorogeriogomes.com.br\/noticias\/wp-json\/wp\/v2\/tags?post=19275"}],"curies":[{"name":"wp","href":"https:\/\/api.w.org\/{rel}","templated":true}]}}