{"id":19277,"date":"2020-12-02T09:01:43","date_gmt":"2020-12-02T09:01:43","guid":{"rendered":"https:\/\/blogdorogeriogomes.com.br\/?p=19277"},"modified":"2020-12-02T10:53:45","modified_gmt":"2020-12-02T10:53:45","slug":"secretarios-municipais-de-roberto-claudio-estao-de-volta-a-prefeitura-de-fortaleza-apos-as-eleicoes","status":"publish","type":"post","link":"https:\/\/blogdorogeriogomes.com.br\/noticias\/2020\/12\/secretarios-municipais-de-roberto-claudio-estao-de-volta-a-prefeitura-de-fortaleza-apos-as-eleicoes\/","title":{"rendered":"Secret\u00e1rios municipais de Roberto Cl\u00e1udio est\u00e3o de volta \u00e0 Prefeitura de Fortaleza ap\u00f3s as elei\u00e7\u00f5es"},"content":{"rendered":"\n<p>Passadas as elei\u00e7\u00f5es municipais, o Di\u00e1rio Oficial de Fortaleza j\u00e1 trouxe a renomea\u00e7\u00e3o de secret\u00e1rios da equipe do prefeito Roberto Claudio que haviam sido exonerados para trabalhar na campanha eleitoral de 2020, que elegeu o candidato do PDT para a sucess\u00e3o na Prefeitura, Jos\u00e9 Sarto.<br>Est\u00e3o de volta aos seus postos os secret\u00e1rios Samuel Dias (foto), de Governo; Laudelio Bastos, secret\u00e1rio executivo de Governo; Ferruccio Feitosa (foto), Regional II; Jo\u00e3o Pupo, Conserva\u00e7\u00e3o e Servicos P\u00fablicos; Luiz Alberto Saboia, secret\u00e1rio executivo de Conserva\u00e7\u00e3o; Renato Lima, Secretaria de Gest\u00e3o Regional; Moziah Torgan, Desenvolvimento Econ\u00f4mico; e Francisco Barroso, Articula\u00e7\u00e3o Pol\u00edtica.<br>S\u00f3 n\u00e3o retornam \u00e0 gest\u00e3o os vereadores eleitos L\u00facio Bruno e Julio Brizzi, que respondiam pelas coordenadorias de Articula\u00e7\u00e3o Pol\u00edtica e Juventude, respectivamente.<\/p>\n\n\n\n<figure class=\"wp-block-image size-large\"><img loading=\"lazy\" decoding=\"async\" width=\"679\" height=\"452\" src=\"https:\/\/blogdorogeriogomes.com.br\/wp-content\/uploads\/2020\/12\/images-2.jpeg\" alt=\"\" class=\"wp-image-19278\" srcset=\"https:\/\/blogdorogeriogomes.com.br\/noticias\/wp-content\/uploads\/2020\/12\/images-2.jpeg 679w, https:\/\/blogdorogeriogomes.com.br\/noticias\/wp-content\/uploads\/2020\/12\/images-2-300x200.jpeg 300w\" sizes=\"auto, (max-width: 679px) 100vw, 679px\" \/><\/figure>\n","protected":false},"excerpt":{"rendered":"<p>Passadas as elei\u00e7\u00f5es municipais, o Di\u00e1rio Oficial de Fortaleza j\u00e1 trouxe a renomea\u00e7\u00e3o de secret\u00e1rios da equipe do prefeito Roberto Claudio que haviam sido exonerados para trabalhar na campanha eleitoral de 2020, que elegeu o candidato do PDT para a sucess\u00e3o na Prefeitura, Jos\u00e9 Sarto.Est\u00e3o de volta aos seus postos os secret\u00e1rios Samuel Dias (foto), de Governo; Laudelio Bastos, secret\u00e1rio executivo de Governo; Ferruccio Feitosa (foto), Regional II; Jo\u00e3o Pupo, Conserva\u00e7\u00e3o e Servicos P\u00fablicos; Luiz Alberto Saboia, secret\u00e1rio executivo&hellip;<\/p>\n","protected":false},"author":1,"featured_media":19278,"comment_status":"open","ping_status":"open","sticky":false,"template":"","format":"standard","meta":{"footnotes":""},"categories":[1],"tags":[],"class_list":["post-19277","post","type-post","status-publish","format-standard","has-post-thumbnail","hentry","category-noticias"],"_links":{"self":[{"href":"https:\/\/blogdorogeriogomes.com.br\/noticias\/wp-json\/wp\/v2\/posts\/19277","targetHints":{"allow":["GET"]}}],"collection":[{"href":"https:\/\/blogdorogeriogomes.com.br\/noticias\/wp-json\/wp\/v2\/posts"}],"about":[{"href":"https:\/\/blogdorogeriogomes.com.br\/noticias\/wp-json\/wp\/v2\/types\/post"}],"author":[{"embeddable":true,"href":"https:\/\/blogdorogeriogomes.com.br\/noticias\/wp-json\/wp\/v2\/users\/1"}],"replies":[{"embeddable":true,"href":"https:\/\/blogdorogeriogomes.com.br\/noticias\/wp-json\/wp\/v2\/comments?post=19277"}],"version-history":[{"count":1,"href":"https:\/\/blogdorogeriogomes.com.br\/noticias\/wp-json\/wp\/v2\/posts\/19277\/revisions"}],"predecessor-version":[{"id":19279,"href":"https:\/\/blogdorogeriogomes.com.br\/noticias\/wp-json\/wp\/v2\/posts\/19277\/revisions\/19279"}],"wp:featuredmedia":[{"embeddable":true,"href":"https:\/\/blogdorogeriogomes.com.br\/noticias\/wp-json\/wp\/v2\/media\/19278"}],"wp:attachment":[{"href":"https:\/\/blogdorogeriogomes.com.br\/noticias\/wp-json\/wp\/v2\/media?parent=19277"}],"wp:term":[{"taxonomy":"category","embeddable":true,"href":"https:\/\/blogdorogeriogomes.com.br\/noticias\/wp-json\/wp\/v2\/categories?post=19277"},{"taxonomy":"post_tag","embeddable":true,"href":"https:\/\/blogdorogeriogomes.com.br\/noticias\/wp-json\/wp\/v2\/tags?post=19277"}],"curies":[{"name":"wp","href":"https:\/\/api.w.org\/{rel}","templated":true}]}}