{"id":19283,"date":"2020-12-02T18:06:03","date_gmt":"2020-12-02T18:06:03","guid":{"rendered":"https:\/\/blogdorogeriogomes.com.br\/?p=19283"},"modified":"2020-12-03T13:24:24","modified_gmt":"2020-12-03T13:24:24","slug":"ministerio-da-educacao-determina-retorno-das-aulas-em-universidades-publicas-em-janeiro-e-depois-volta-atras","status":"publish","type":"post","link":"https:\/\/blogdorogeriogomes.com.br\/noticias\/2020\/12\/ministerio-da-educacao-determina-retorno-das-aulas-em-universidades-publicas-em-janeiro-e-depois-volta-atras\/","title":{"rendered":"Minist\u00e9rio da Educa\u00e7\u00e3o determina retorno das aulas em universidades p\u00fablicas em janeiro e depois volta atr\u00e1s"},"content":{"rendered":"\n<p>Chega a impressionar a falta de planejamento do Minist\u00e9rio da Educa\u00e7\u00e3o no Governo Bolsonaro. Entram e saem ministros e a desorganiza\u00e7\u00e3o continua. A \u00faltima lamban\u00e7a foi que o Minist\u00e9rio da Educa\u00e7\u00e3o decidiu revogar a portaria que determinava o retorno das aulas presenciais das universidades p\u00fablicas, a partir de janeiro de 2021. A informa\u00e7\u00e3o \u00e9 do pr\u00f3prio ministro Milton Ribeiro.<\/p>\n\n\n\n<p>A decis\u00e3o veio depois da rea\u00e7\u00e3o de reitores de diversas universidades federais do pa\u00eds que anunciaram que n\u00e3o iriam cumprir a determina\u00e7\u00e3o do minist\u00e9rio. Ou seja, em pleno cen\u00e1rio de Covid-19 que mostra aumento de casos em v\u00e1rios estados, o ministro da Educa\u00e7\u00e3o, Milton Ribeiro, n\u00e3o teve o cuidado nem de ouvir a opini\u00e3o dos reitores das universidades federais antes de determinar a volta \u00e0s aulas em janeiro. Tinha que passar pelo vexame de mais um recuo do que foi anunciado. Ali\u00e1s, uma pr\u00e1tica mais que comum no Governo Bolsonaro.<\/p>\n\n\n\n<figure class=\"wp-block-image size-large\"><img loading=\"lazy\" decoding=\"async\" width=\"610\" height=\"380\" src=\"https:\/\/blogdorogeriogomes.com.br\/wp-content\/uploads\/2020\/12\/2020091612094_64fdb8cd7db226f1b99c666a0ae844aa967a565be41daf1284a2a63791fba716.jpeg\" alt=\"\" class=\"wp-image-19284\" srcset=\"https:\/\/blogdorogeriogomes.com.br\/noticias\/wp-content\/uploads\/2020\/12\/2020091612094_64fdb8cd7db226f1b99c666a0ae844aa967a565be41daf1284a2a63791fba716.jpeg 610w, https:\/\/blogdorogeriogomes.com.br\/noticias\/wp-content\/uploads\/2020\/12\/2020091612094_64fdb8cd7db226f1b99c666a0ae844aa967a565be41daf1284a2a63791fba716-300x187.jpeg 300w\" sizes=\"auto, (max-width: 610px) 100vw, 610px\" \/><\/figure>\n","protected":false},"excerpt":{"rendered":"<p>Chega a impressionar a falta de planejamento do Minist\u00e9rio da Educa\u00e7\u00e3o no Governo Bolsonaro. Entram e saem ministros e a desorganiza\u00e7\u00e3o continua. A \u00faltima lamban\u00e7a foi que o Minist\u00e9rio da Educa\u00e7\u00e3o decidiu revogar a portaria que determinava o retorno das aulas presenciais das universidades p\u00fablicas, a partir de janeiro de 2021. A informa\u00e7\u00e3o \u00e9 do pr\u00f3prio ministro Milton Ribeiro. A decis\u00e3o veio depois da rea\u00e7\u00e3o de reitores de diversas universidades federais do pa\u00eds que anunciaram que n\u00e3o iriam cumprir&hellip;<\/p>\n","protected":false},"author":1,"featured_media":19284,"comment_status":"open","ping_status":"open","sticky":false,"template":"","format":"standard","meta":{"footnotes":""},"categories":[1],"tags":[],"class_list":["post-19283","post","type-post","status-publish","format-standard","has-post-thumbnail","hentry","category-noticias"],"_links":{"self":[{"href":"https:\/\/blogdorogeriogomes.com.br\/noticias\/wp-json\/wp\/v2\/posts\/19283","targetHints":{"allow":["GET"]}}],"collection":[{"href":"https:\/\/blogdorogeriogomes.com.br\/noticias\/wp-json\/wp\/v2\/posts"}],"about":[{"href":"https:\/\/blogdorogeriogomes.com.br\/noticias\/wp-json\/wp\/v2\/types\/post"}],"author":[{"embeddable":true,"href":"https:\/\/blogdorogeriogomes.com.br\/noticias\/wp-json\/wp\/v2\/users\/1"}],"replies":[{"embeddable":true,"href":"https:\/\/blogdorogeriogomes.com.br\/noticias\/wp-json\/wp\/v2\/comments?post=19283"}],"version-history":[{"count":1,"href":"https:\/\/blogdorogeriogomes.com.br\/noticias\/wp-json\/wp\/v2\/posts\/19283\/revisions"}],"predecessor-version":[{"id":19285,"href":"https:\/\/blogdorogeriogomes.com.br\/noticias\/wp-json\/wp\/v2\/posts\/19283\/revisions\/19285"}],"wp:featuredmedia":[{"embeddable":true,"href":"https:\/\/blogdorogeriogomes.com.br\/noticias\/wp-json\/wp\/v2\/media\/19284"}],"wp:attachment":[{"href":"https:\/\/blogdorogeriogomes.com.br\/noticias\/wp-json\/wp\/v2\/media?parent=19283"}],"wp:term":[{"taxonomy":"category","embeddable":true,"href":"https:\/\/blogdorogeriogomes.com.br\/noticias\/wp-json\/wp\/v2\/categories?post=19283"},{"taxonomy":"post_tag","embeddable":true,"href":"https:\/\/blogdorogeriogomes.com.br\/noticias\/wp-json\/wp\/v2\/tags?post=19283"}],"curies":[{"name":"wp","href":"https:\/\/api.w.org\/{rel}","templated":true}]}}