{"id":19286,"date":"2020-12-02T18:29:45","date_gmt":"2020-12-02T18:29:45","guid":{"rendered":"https:\/\/blogdorogeriogomes.com.br\/?p=19286"},"modified":"2020-12-03T13:24:15","modified_gmt":"2020-12-03T13:24:15","slug":"jose-sarto-reune-liderancas-de-partidos-que-apoiaram-candidatura-e-fala-sobre-aumento-de-regionais-em-fortaleza","status":"publish","type":"post","link":"https:\/\/blogdorogeriogomes.com.br\/noticias\/2020\/12\/jose-sarto-reune-liderancas-de-partidos-que-apoiaram-candidatura-e-fala-sobre-aumento-de-regionais-em-fortaleza\/","title":{"rendered":"Jos\u00e9 Sarto re\u00fane lideran\u00e7as de partidos que apoiaram candidatura e fala sobre aumento de Regionais em Fortaleza"},"content":{"rendered":"\n<p>Presidente da Assembleia Legislativa do Cear\u00e1 e prefeito eleito de Fortaleza, Jos\u00e9 Sarto (PDT) se reuniu na manh\u00e3 desta quarta-feira, dia 2 de dezembro, com representantes de partidos que apoiaram a candidatura dele nas elei\u00e7\u00f5es municipais da capital cearense. Ao lado do vice-prefeito eleito, \u00c9lcio Batista (PSB), ele falou da inten\u00e7\u00e3o de aumentar o n\u00famero de Regionais em Fortaleza de seis para 12 como j\u00e1 foi aprovado na C\u00e2mara Municipal, mas ainda n\u00e3o foi implantado.<\/p>\n\n\n\n<p>Al\u00e9m do PDT e do PSB, lideran\u00e7as de outros 12 partidos compareceram ao encontro: Cidadania, PL, PSDB, PSD, Rede, DEM, PP, PCdoB, MDB, PV, Patriota e UP. &#8220;A gente tem recebido algumas propostas, tem submetido a cr\u00edticas e muitas delas devem ser aproveitadas\u201d, assegurou Jos\u00e9 Sarto, que afirmou ainda que a prioridade para a composi\u00e7\u00e3o do secretariado ser\u00e1 capacidade t\u00e9cnica.&nbsp;<\/p>\n\n\n\n<p>Jos\u00e9 Sarto disse que, nesta quinta-feira, dia 3, o prefeito Roberto Cl\u00e1udio (PDT) deve publicar decreto com a nomea\u00e7\u00e3o dos membros da equipe de transi\u00e7\u00e3o, que ir\u00e1 reunir informa\u00e7\u00f5es sobre obras, a\u00e7\u00f5es e contratos de cada uma das secretarias municipais. A posse da nova gest\u00e3o est\u00e1 prevista para 1\u00b0 de janeiro de 2021.<\/p>\n\n\n\n<figure class=\"wp-block-image size-large\"><img loading=\"lazy\" decoding=\"async\" width=\"1024\" height=\"682\" src=\"https:\/\/blogdorogeriogomes.com.br\/wp-content\/uploads\/2020\/12\/IMG-20201202-WA0051-1024x682.jpg\" alt=\"\" class=\"wp-image-19287\" srcset=\"https:\/\/blogdorogeriogomes.com.br\/noticias\/wp-content\/uploads\/2020\/12\/IMG-20201202-WA0051-1024x682.jpg 1024w, https:\/\/blogdorogeriogomes.com.br\/noticias\/wp-content\/uploads\/2020\/12\/IMG-20201202-WA0051-300x200.jpg 300w, https:\/\/blogdorogeriogomes.com.br\/noticias\/wp-content\/uploads\/2020\/12\/IMG-20201202-WA0051-768x512.jpg 768w, https:\/\/blogdorogeriogomes.com.br\/noticias\/wp-content\/uploads\/2020\/12\/IMG-20201202-WA0051-800x533.jpg 800w, https:\/\/blogdorogeriogomes.com.br\/noticias\/wp-content\/uploads\/2020\/12\/IMG-20201202-WA0051.jpg 1280w\" sizes=\"auto, (max-width: 1024px) 100vw, 1024px\" \/><\/figure>\n","protected":false},"excerpt":{"rendered":"<p>Presidente da Assembleia Legislativa do Cear\u00e1 e prefeito eleito de Fortaleza, Jos\u00e9 Sarto (PDT) se reuniu na manh\u00e3 desta quarta-feira, dia 2 de dezembro, com representantes de partidos que apoiaram a candidatura dele nas elei\u00e7\u00f5es municipais da capital cearense. Ao lado do vice-prefeito eleito, \u00c9lcio Batista (PSB), ele falou da inten\u00e7\u00e3o de aumentar o n\u00famero de Regionais em Fortaleza de seis para 12 como j\u00e1 foi aprovado na C\u00e2mara Municipal, mas ainda n\u00e3o foi implantado. Al\u00e9m do PDT e&hellip;<\/p>\n","protected":false},"author":1,"featured_media":19287,"comment_status":"open","ping_status":"open","sticky":false,"template":"","format":"standard","meta":{"footnotes":""},"categories":[1],"tags":[],"class_list":["post-19286","post","type-post","status-publish","format-standard","has-post-thumbnail","hentry","category-noticias"],"_links":{"self":[{"href":"https:\/\/blogdorogeriogomes.com.br\/noticias\/wp-json\/wp\/v2\/posts\/19286","targetHints":{"allow":["GET"]}}],"collection":[{"href":"https:\/\/blogdorogeriogomes.com.br\/noticias\/wp-json\/wp\/v2\/posts"}],"about":[{"href":"https:\/\/blogdorogeriogomes.com.br\/noticias\/wp-json\/wp\/v2\/types\/post"}],"author":[{"embeddable":true,"href":"https:\/\/blogdorogeriogomes.com.br\/noticias\/wp-json\/wp\/v2\/users\/1"}],"replies":[{"embeddable":true,"href":"https:\/\/blogdorogeriogomes.com.br\/noticias\/wp-json\/wp\/v2\/comments?post=19286"}],"version-history":[{"count":1,"href":"https:\/\/blogdorogeriogomes.com.br\/noticias\/wp-json\/wp\/v2\/posts\/19286\/revisions"}],"predecessor-version":[{"id":19288,"href":"https:\/\/blogdorogeriogomes.com.br\/noticias\/wp-json\/wp\/v2\/posts\/19286\/revisions\/19288"}],"wp:featuredmedia":[{"embeddable":true,"href":"https:\/\/blogdorogeriogomes.com.br\/noticias\/wp-json\/wp\/v2\/media\/19287"}],"wp:attachment":[{"href":"https:\/\/blogdorogeriogomes.com.br\/noticias\/wp-json\/wp\/v2\/media?parent=19286"}],"wp:term":[{"taxonomy":"category","embeddable":true,"href":"https:\/\/blogdorogeriogomes.com.br\/noticias\/wp-json\/wp\/v2\/categories?post=19286"},{"taxonomy":"post_tag","embeddable":true,"href":"https:\/\/blogdorogeriogomes.com.br\/noticias\/wp-json\/wp\/v2\/tags?post=19286"}],"curies":[{"name":"wp","href":"https:\/\/api.w.org\/{rel}","templated":true}]}}