{"id":19289,"date":"2020-12-03T09:16:20","date_gmt":"2020-12-03T09:16:20","guid":{"rendered":"https:\/\/blogdorogeriogomes.com.br\/?p=19289"},"modified":"2020-12-03T13:24:06","modified_gmt":"2020-12-03T13:24:06","slug":"paises-europeus-ja-comecam-a-vacinar-contra-a-covid-19-na-proxima-semana-no-brasil-o-ministerio-da-saude-nao-definiu-nem-a-vacina-que-pretende-utilizar","status":"publish","type":"post","link":"https:\/\/blogdorogeriogomes.com.br\/noticias\/2020\/12\/paises-europeus-ja-comecam-a-vacinar-contra-a-covid-19-na-proxima-semana-no-brasil-o-ministerio-da-saude-nao-definiu-nem-a-vacina-que-pretende-utilizar\/","title":{"rendered":"Pa\u00edses europeus j\u00e1 come\u00e7am a vacinar contra a Covid-19 na pr\u00f3xima semana. No Brasil, o Minist\u00e9rio da Sa\u00fade n\u00e3o definiu nem a vacina que pretende utilizar"},"content":{"rendered":"\n<p>A boa not\u00edcia da semana no enfrentamento \u00e0 pandemia da Covid-19 \u00e9 que o Reino Unido e a R\u00fassia v\u00e3o come\u00e7ar a vacinar suas popula\u00e7\u00f5es a partir da pr\u00f3xima semana, gra\u00e7as, respectivamente, \u00e0s vacinas das empresas americana Pfizer e alem\u00e3 BioNTech e da russa Sputnik V. O Reino Unido se tornou o primeiro pa\u00eds a aprovar o uso em massa da vacina Pfizer\/BioNTech.<\/p>\n\n\n\n<p>It\u00e1lia, Alemanha e outros pa\u00edses europeus se prepararam para o que deve ser a maior campanha de imuniza\u00e7\u00e3o da hist\u00f3ria, com a defini\u00e7\u00e3o de locais de vacina\u00e7\u00e3o, armazenagem e treinamento de pessoal. No entanto, h\u00e1 muitos pa\u00edses pobres que ainda est\u00e3o distantes do planejamento de ter qualquer acesso \u00e0s vacinas hoje em fase final de teste, o que dever\u00e1 provocar no mundo uma divis\u00e3o entre pa\u00edses de vacinados e n\u00e3o vacinados.<\/p>\n\n\n\n<p>No Brasil, o Minist\u00e9rio da Sa\u00fade continua a &#8220;bater cabe\u00e7a&#8221; e n\u00e3o apresentou ainda um plano real sobre em que vacinas vai investir e qual estrat\u00e9gia ser\u00e1 adotada para uma imuniza\u00e7\u00e3o em massa. Em entrevistas, o ministro General Eduardo Pazuello demonstra desconhecimento sobre os avan\u00e7os dos planos de vacina\u00e7\u00e3o em outros pa\u00edses. N\u00e3o sabe mesmo nem em que vacinas o Brasil deve apostar. Ainda n\u00e3o h\u00e1 data prevista para o in\u00edcio da aplica\u00e7\u00e3o das vacinas no Brasil, sem contar que o Governo Bolsonaro n\u00e3o prev\u00ea vacinar toda a popula\u00e7\u00e3o do pa\u00eds no ano que vem.<\/p>\n\n\n\n<p>A corrida \u00e9 contra o tempo. O Brasil registrou 669 novas mortes provocadas pela Covid-19 nas \u00faltimas 24 horas, atingindo um total de 174.531 \u00f3bitos desde o in\u00edcio da pandemia. Onze estados apresentaram tend\u00eancia de acelera\u00e7\u00e3o na m\u00e9dia de mortes.<\/p>\n\n\n\n<figure class=\"wp-block-image size-large\"><img loading=\"lazy\" decoding=\"async\" width=\"1024\" height=\"615\" src=\"https:\/\/blogdorogeriogomes.com.br\/wp-content\/uploads\/2020\/12\/x90714661_FILE-PHOTO-A-woman-holds-a-small-bottle-labeled-with-a-Coronavirus-COVID-19-Vaccine-sticker.jpg.pagespeed.ic_.BtZoOHOXKD-1024x615.jpg\" alt=\"\" class=\"wp-image-19290\" srcset=\"https:\/\/blogdorogeriogomes.com.br\/noticias\/wp-content\/uploads\/2020\/12\/x90714661_FILE-PHOTO-A-woman-holds-a-small-bottle-labeled-with-a-Coronavirus-COVID-19-Vaccine-sticker.jpg.pagespeed.ic_.BtZoOHOXKD-1024x615.jpg 1024w, https:\/\/blogdorogeriogomes.com.br\/noticias\/wp-content\/uploads\/2020\/12\/x90714661_FILE-PHOTO-A-woman-holds-a-small-bottle-labeled-with-a-Coronavirus-COVID-19-Vaccine-sticker.jpg.pagespeed.ic_.BtZoOHOXKD-300x180.jpg 300w, https:\/\/blogdorogeriogomes.com.br\/noticias\/wp-content\/uploads\/2020\/12\/x90714661_FILE-PHOTO-A-woman-holds-a-small-bottle-labeled-with-a-Coronavirus-COVID-19-Vaccine-sticker.jpg.pagespeed.ic_.BtZoOHOXKD-768x461.jpg 768w, https:\/\/blogdorogeriogomes.com.br\/noticias\/wp-content\/uploads\/2020\/12\/x90714661_FILE-PHOTO-A-woman-holds-a-small-bottle-labeled-with-a-Coronavirus-COVID-19-Vaccine-sticker.jpg.pagespeed.ic_.BtZoOHOXKD-800x480.jpg 800w, https:\/\/blogdorogeriogomes.com.br\/noticias\/wp-content\/uploads\/2020\/12\/x90714661_FILE-PHOTO-A-woman-holds-a-small-bottle-labeled-with-a-Coronavirus-COVID-19-Vaccine-sticker.jpg.pagespeed.ic_.BtZoOHOXKD.jpg 1086w\" sizes=\"auto, (max-width: 1024px) 100vw, 1024px\" \/><\/figure>\n","protected":false},"excerpt":{"rendered":"<p>A boa not\u00edcia da semana no enfrentamento \u00e0 pandemia da Covid-19 \u00e9 que o Reino Unido e a R\u00fassia v\u00e3o come\u00e7ar a vacinar suas popula\u00e7\u00f5es a partir da pr\u00f3xima semana, gra\u00e7as, respectivamente, \u00e0s vacinas das empresas americana Pfizer e alem\u00e3 BioNTech e da russa Sputnik V. O Reino Unido se tornou o primeiro pa\u00eds a aprovar o uso em massa da vacina Pfizer\/BioNTech. It\u00e1lia, Alemanha e outros pa\u00edses europeus se prepararam para o que deve ser a maior campanha&hellip;<\/p>\n","protected":false},"author":1,"featured_media":19290,"comment_status":"open","ping_status":"open","sticky":false,"template":"","format":"standard","meta":{"footnotes":""},"categories":[1],"tags":[],"class_list":["post-19289","post","type-post","status-publish","format-standard","has-post-thumbnail","hentry","category-noticias"],"_links":{"self":[{"href":"https:\/\/blogdorogeriogomes.com.br\/noticias\/wp-json\/wp\/v2\/posts\/19289","targetHints":{"allow":["GET"]}}],"collection":[{"href":"https:\/\/blogdorogeriogomes.com.br\/noticias\/wp-json\/wp\/v2\/posts"}],"about":[{"href":"https:\/\/blogdorogeriogomes.com.br\/noticias\/wp-json\/wp\/v2\/types\/post"}],"author":[{"embeddable":true,"href":"https:\/\/blogdorogeriogomes.com.br\/noticias\/wp-json\/wp\/v2\/users\/1"}],"replies":[{"embeddable":true,"href":"https:\/\/blogdorogeriogomes.com.br\/noticias\/wp-json\/wp\/v2\/comments?post=19289"}],"version-history":[{"count":1,"href":"https:\/\/blogdorogeriogomes.com.br\/noticias\/wp-json\/wp\/v2\/posts\/19289\/revisions"}],"predecessor-version":[{"id":19291,"href":"https:\/\/blogdorogeriogomes.com.br\/noticias\/wp-json\/wp\/v2\/posts\/19289\/revisions\/19291"}],"wp:featuredmedia":[{"embeddable":true,"href":"https:\/\/blogdorogeriogomes.com.br\/noticias\/wp-json\/wp\/v2\/media\/19290"}],"wp:attachment":[{"href":"https:\/\/blogdorogeriogomes.com.br\/noticias\/wp-json\/wp\/v2\/media?parent=19289"}],"wp:term":[{"taxonomy":"category","embeddable":true,"href":"https:\/\/blogdorogeriogomes.com.br\/noticias\/wp-json\/wp\/v2\/categories?post=19289"},{"taxonomy":"post_tag","embeddable":true,"href":"https:\/\/blogdorogeriogomes.com.br\/noticias\/wp-json\/wp\/v2\/tags?post=19289"}],"curies":[{"name":"wp","href":"https:\/\/api.w.org\/{rel}","templated":true}]}}