{"id":19292,"date":"2020-12-03T09:44:41","date_gmt":"2020-12-03T09:44:41","guid":{"rendered":"https:\/\/blogdorogeriogomes.com.br\/?p=19292"},"modified":"2020-12-03T13:23:35","modified_gmt":"2020-12-03T13:23:35","slug":"ano-de-2021-comecara-com-um-feriadao-ha-outras-datas-previstas-tambem-de-feriados-prolongados","status":"publish","type":"post","link":"https:\/\/blogdorogeriogomes.com.br\/noticias\/2020\/12\/ano-de-2021-comecara-com-um-feriadao-ha-outras-datas-previstas-tambem-de-feriados-prolongados\/","title":{"rendered":"Ano de 2021 come\u00e7ar\u00e1 com um feriad\u00e3o. H\u00e1 outras datas previstas tamb\u00e9m de feriados prolongados"},"content":{"rendered":"\n<p>O ano de 2021 se aproxima e a lista de feriados ao longo do ano que vem j\u00e1 desperta a curiosidade. Mesmo em tempos de pandemia da Covid-19, o setor econ\u00f4mico mostra preocupa\u00e7\u00e3o com perdas e oportunidades de neg\u00f3cios proporcionados pelos feriados, principalmente, os prolongados. <\/p>\n\n\n\n<p>O primeiro feriad\u00e3o acontece em 1\u00b0 de janeiro, que cai numa sexta-feira e vai emendar com o fim de semana. Outros feriad\u00f5es est\u00e3o previstos em 19 de mar\u00e7o, Dia de S\u00e3o Jos\u00e9; e 2 de abril, na sexta-feira da Semana Santa.<\/p>\n\n\n\n<p>Confira o calend\u00e1rio de feriados em 2021:<\/p>\n\n\n\n<p>Janeiro<br>1\u00b0 de janeiro (sexta-feira): Ano novo, feriado nacional<br>Fevereiro<br>Carnaval (ter\u00e7a-feira): 16 de fevereiro, feriado nacional<\/p>\n\n\n\n<p>Mar\u00e7o<br>19 de mar\u00e7o (sexta-feira): Dia de S\u00e3o Jos\u00e9, padroeiro do Cear\u00e1, feriado em Fortaleza e outros munic\u00edpios cearenses<br>25 de mar\u00e7o (quinta-feira): Data Magna do Cear\u00e1, feriado estadual<br>Abril<br>2 de abril (sexta-feira): Sexta-feira Santa, feriado nacional<br>4 de abril (domingo): P\u00e1scoa<br>21 de abril (quarta-feira): Feriado de Tiradentes<br>Maio<br>1\u00b0 de maio (s\u00e1bado): Dia do Trabalho, feriado nacional<br>Junho<br>3 de junho (quinta-feira): Feriado nacional de Corpus Christi<br>Agosto<br>15 de agosto (domingo): Dia de Nossa Senhora da Assun\u00e7\u00e3o, padroeira de Fortaleza e feriado apenas na capital<br>Setembro<br>7 de setembro (ter\u00e7a-feira): Independ\u00eancia do Brasil<br>Outubro<br>12 de outubro (ter\u00e7a-feira): Feriado de Nossa Senhora da Aparecida, padroeira do Brasil<\/p>\n\n\n\n<p>Novembro<br>2 de novembro (ter\u00e7a-feira): Finados<br>15 de novembro (segunda-feira): Proclama\u00e7\u00e3o da Rep\u00fablica, feriado nacional<br>Dezembro<br>25 de dezembro (s\u00e1bado): Natal<\/p>\n\n\n\n<figure class=\"wp-block-image size-large\"><img loading=\"lazy\" decoding=\"async\" width=\"678\" height=\"452\" src=\"https:\/\/blogdorogeriogomes.com.br\/wp-content\/uploads\/2020\/12\/images-5.jpeg\" alt=\"\" class=\"wp-image-19293\" srcset=\"https:\/\/blogdorogeriogomes.com.br\/noticias\/wp-content\/uploads\/2020\/12\/images-5.jpeg 678w, https:\/\/blogdorogeriogomes.com.br\/noticias\/wp-content\/uploads\/2020\/12\/images-5-300x200.jpeg 300w\" sizes=\"auto, (max-width: 678px) 100vw, 678px\" \/><\/figure>\n","protected":false},"excerpt":{"rendered":"<p>O ano de 2021 se aproxima e a lista de feriados ao longo do ano que vem j\u00e1 desperta a curiosidade. Mesmo em tempos de pandemia da Covid-19, o setor econ\u00f4mico mostra preocupa\u00e7\u00e3o com perdas e oportunidades de neg\u00f3cios proporcionados pelos feriados, principalmente, os prolongados. O primeiro feriad\u00e3o acontece em 1\u00b0 de janeiro, que cai numa sexta-feira e vai emendar com o fim de semana. Outros feriad\u00f5es est\u00e3o previstos em 19 de mar\u00e7o, Dia de S\u00e3o Jos\u00e9; e 2&hellip;<\/p>\n","protected":false},"author":1,"featured_media":19293,"comment_status":"open","ping_status":"open","sticky":false,"template":"","format":"standard","meta":{"footnotes":""},"categories":[1],"tags":[],"class_list":["post-19292","post","type-post","status-publish","format-standard","has-post-thumbnail","hentry","category-noticias"],"_links":{"self":[{"href":"https:\/\/blogdorogeriogomes.com.br\/noticias\/wp-json\/wp\/v2\/posts\/19292","targetHints":{"allow":["GET"]}}],"collection":[{"href":"https:\/\/blogdorogeriogomes.com.br\/noticias\/wp-json\/wp\/v2\/posts"}],"about":[{"href":"https:\/\/blogdorogeriogomes.com.br\/noticias\/wp-json\/wp\/v2\/types\/post"}],"author":[{"embeddable":true,"href":"https:\/\/blogdorogeriogomes.com.br\/noticias\/wp-json\/wp\/v2\/users\/1"}],"replies":[{"embeddable":true,"href":"https:\/\/blogdorogeriogomes.com.br\/noticias\/wp-json\/wp\/v2\/comments?post=19292"}],"version-history":[{"count":1,"href":"https:\/\/blogdorogeriogomes.com.br\/noticias\/wp-json\/wp\/v2\/posts\/19292\/revisions"}],"predecessor-version":[{"id":19294,"href":"https:\/\/blogdorogeriogomes.com.br\/noticias\/wp-json\/wp\/v2\/posts\/19292\/revisions\/19294"}],"wp:featuredmedia":[{"embeddable":true,"href":"https:\/\/blogdorogeriogomes.com.br\/noticias\/wp-json\/wp\/v2\/media\/19293"}],"wp:attachment":[{"href":"https:\/\/blogdorogeriogomes.com.br\/noticias\/wp-json\/wp\/v2\/media?parent=19292"}],"wp:term":[{"taxonomy":"category","embeddable":true,"href":"https:\/\/blogdorogeriogomes.com.br\/noticias\/wp-json\/wp\/v2\/categories?post=19292"},{"taxonomy":"post_tag","embeddable":true,"href":"https:\/\/blogdorogeriogomes.com.br\/noticias\/wp-json\/wp\/v2\/tags?post=19292"}],"curies":[{"name":"wp","href":"https:\/\/api.w.org\/{rel}","templated":true}]}}