{"id":19299,"date":"2020-12-03T20:48:02","date_gmt":"2020-12-03T20:48:02","guid":{"rendered":"https:\/\/blogdorogeriogomes.com.br\/?p=19299"},"modified":"2020-12-09T12:20:48","modified_gmt":"2020-12-09T12:20:48","slug":"deputados-estaduais-aprovam-projeto-do-governo-do-ceara-para-comprar-e-distribuir-pacotes-de-internet-para-estudantes-da-rede-publica-estadual","status":"publish","type":"post","link":"https:\/\/blogdorogeriogomes.com.br\/noticias\/2020\/12\/deputados-estaduais-aprovam-projeto-do-governo-do-ceara-para-comprar-e-distribuir-pacotes-de-internet-para-estudantes-da-rede-publica-estadual\/","title":{"rendered":"Deputados estaduais aprovam projeto do Governo do Cear\u00e1 para comprar e distribuir pacotes de internet para estudantes da rede p\u00fablica estadual"},"content":{"rendered":"\n<p>A Assembleia Legislativa do Cear\u00e1 aprovou nesta quinta-feira, dia 3 de dezembro, a mensagem do Governo do Cear\u00e1 que autoriza o Poder Executivo a adquirir e distribuir pacotes de dados de internet m\u00f3vel para alunos da rede estadual de ensino p\u00fablico \u2013 Fundamental, M\u00e9dio e Superior.&nbsp;<\/p>\n\n\n\n<p>Cerca de 347 mil estudantes ser\u00e3o contemplados com chips de dados de internet com um pacote de 20GB mensais. A medida segue agora para san\u00e7\u00e3o do governador e publica\u00e7\u00e3o no Di\u00e1rio Oficial do Estado para entrar em vigor. De acordo com o governador Camilo Santana, o contexto de pandemia da Covid-19 chamou aten\u00e7\u00e3o sobre a necessidade do Governo do Cear\u00e1 ampliar as solu\u00e7\u00f5es tecnol\u00f3gicas e de conectividade dentro das institui\u00e7\u00f5es de ensino do Estado.<\/p>\n\n\n\n<p>O investimento do Tesouro Estadual ser\u00e1 de R$ 29.415.157,20 nos primeiros seis meses. \u201cIsso significa oportunidade para os nossos jovens aprenderem mais, estudarem mais e cada vez mais a gente ter orgulho. A \u00fanica forma de reduzir as desigualdades \u00e9 dar educa\u00e7\u00e3o p\u00fablica de qualidade. Acreditamos no poder da educa\u00e7\u00e3o na transforma\u00e7\u00e3o das pessoas\u201d, explicou Camilo Santana&nbsp;<\/p>\n\n\n\n<p>A a\u00e7\u00e3o da gest\u00e3o estadual, complementou o governador, tem como principal objetivo a universaliza\u00e7\u00e3o das escolas de tempo integral no Cear\u00e1. O chefe executivo tamb\u00e9m destacou que as pol\u00edticas p\u00fablicas voltadas \u00e0 Educa\u00e7\u00e3o t\u00eam colaborado para a queda da evas\u00e3o escolar, que hoje est\u00e1 em 3% no Cear\u00e1.<\/p>\n\n\n\n<p>\u201cA gente est\u00e1 criando um programa para que nossos alunos de escolas p\u00fablicas do Estado e de baixa renda das universidades possam ter acesso \u00e0 conectividade com um chip 3G\/4G, com pacote de internet de 20GB, para garantir o conhecimento e a informa\u00e7\u00e3o\u201d, destacou o governador do Cear\u00e1.<\/p>\n\n\n\n<p>O novo benef\u00edcio vai atender a 338 mil estudantes do 6\u00ba ao 9\u00ba do Ensino Fundamental e 1\u00aa ao 3\u00aa do Ensino M\u00e9dio das escolas p\u00fablicas do Estado, somados a 8.959 alunos de baixa renda que cursam o Ensino Superior nas universidades Estadual do Cear\u00e1 (Uece), Regional do Cariri (Urca) e Estadual Vale do Acara\u00fa (UVA), al\u00e9m do Instituto Centro de Ensino Tecnol\u00f3gico (Centec) e das Faculdades de Tecnologia Centec (Fatec). A a\u00e7\u00e3o \u00e9 coordenada pela Empresa de Tecnologia da Informa\u00e7\u00e3o do Cear\u00e1 (Etice) e secretarias da Educa\u00e7\u00e3o (Seduc) e Ci\u00eancia, Tecnologia e Educa\u00e7\u00e3o Superior (Secitece).<\/p>\n\n\n\n<p>O Projeto do Governo foi aprovado por unanimidade pelos deputados estaduais e recebeu tr\u00eas emendas: uma do pr\u00f3prio Executivo, que trata sobre amplia\u00e7\u00e3o do p\u00fablico-alvo para atender outros programas ou destinat\u00e1rio; al\u00e9m de duas de parlamentares. Uma que prev\u00ea a cria\u00e7\u00e3o de novas a\u00e7\u00f5es or\u00e7ament\u00e1rias para realiza\u00e7\u00e3o do programa e uma que assegura qualidade no acesso \u00e0 rede, para que seja feito tamb\u00e9m por meio de banda larga dentro do projeto Cintur\u00e3o Digital.<\/p>\n\n\n\n<figure class=\"wp-block-image size-large\"><img loading=\"lazy\" decoding=\"async\" width=\"1024\" height=\"683\" src=\"https:\/\/blogdorogeriogomes.com.br\/wp-content\/uploads\/2020\/12\/201201_TABLET_TS8318-1200x800-1-1024x683.jpg\" alt=\"\" class=\"wp-image-19300\" srcset=\"https:\/\/blogdorogeriogomes.com.br\/noticias\/wp-content\/uploads\/2020\/12\/201201_TABLET_TS8318-1200x800-1-1024x683.jpg 1024w, https:\/\/blogdorogeriogomes.com.br\/noticias\/wp-content\/uploads\/2020\/12\/201201_TABLET_TS8318-1200x800-1-300x200.jpg 300w, https:\/\/blogdorogeriogomes.com.br\/noticias\/wp-content\/uploads\/2020\/12\/201201_TABLET_TS8318-1200x800-1-768x512.jpg 768w, https:\/\/blogdorogeriogomes.com.br\/noticias\/wp-content\/uploads\/2020\/12\/201201_TABLET_TS8318-1200x800-1-800x533.jpg 800w, https:\/\/blogdorogeriogomes.com.br\/noticias\/wp-content\/uploads\/2020\/12\/201201_TABLET_TS8318-1200x800-1.jpg 1200w\" sizes=\"auto, (max-width: 1024px) 100vw, 1024px\" \/><\/figure>\n","protected":false},"excerpt":{"rendered":"<p>A Assembleia Legislativa do Cear\u00e1 aprovou nesta quinta-feira, dia 3 de dezembro, a mensagem do Governo do Cear\u00e1 que autoriza o Poder Executivo a adquirir e distribuir pacotes de dados de internet m\u00f3vel para alunos da rede estadual de ensino p\u00fablico \u2013 Fundamental, M\u00e9dio e Superior.&nbsp; Cerca de 347 mil estudantes ser\u00e3o contemplados com chips de dados de internet com um pacote de 20GB mensais. A medida segue agora para san\u00e7\u00e3o do governador e publica\u00e7\u00e3o no Di\u00e1rio Oficial do&hellip;<\/p>\n","protected":false},"author":1,"featured_media":19300,"comment_status":"open","ping_status":"open","sticky":false,"template":"","format":"standard","meta":{"footnotes":""},"categories":[1],"tags":[],"class_list":["post-19299","post","type-post","status-publish","format-standard","has-post-thumbnail","hentry","category-noticias"],"_links":{"self":[{"href":"https:\/\/blogdorogeriogomes.com.br\/noticias\/wp-json\/wp\/v2\/posts\/19299","targetHints":{"allow":["GET"]}}],"collection":[{"href":"https:\/\/blogdorogeriogomes.com.br\/noticias\/wp-json\/wp\/v2\/posts"}],"about":[{"href":"https:\/\/blogdorogeriogomes.com.br\/noticias\/wp-json\/wp\/v2\/types\/post"}],"author":[{"embeddable":true,"href":"https:\/\/blogdorogeriogomes.com.br\/noticias\/wp-json\/wp\/v2\/users\/1"}],"replies":[{"embeddable":true,"href":"https:\/\/blogdorogeriogomes.com.br\/noticias\/wp-json\/wp\/v2\/comments?post=19299"}],"version-history":[{"count":2,"href":"https:\/\/blogdorogeriogomes.com.br\/noticias\/wp-json\/wp\/v2\/posts\/19299\/revisions"}],"predecessor-version":[{"id":19361,"href":"https:\/\/blogdorogeriogomes.com.br\/noticias\/wp-json\/wp\/v2\/posts\/19299\/revisions\/19361"}],"wp:featuredmedia":[{"embeddable":true,"href":"https:\/\/blogdorogeriogomes.com.br\/noticias\/wp-json\/wp\/v2\/media\/19300"}],"wp:attachment":[{"href":"https:\/\/blogdorogeriogomes.com.br\/noticias\/wp-json\/wp\/v2\/media?parent=19299"}],"wp:term":[{"taxonomy":"category","embeddable":true,"href":"https:\/\/blogdorogeriogomes.com.br\/noticias\/wp-json\/wp\/v2\/categories?post=19299"},{"taxonomy":"post_tag","embeddable":true,"href":"https:\/\/blogdorogeriogomes.com.br\/noticias\/wp-json\/wp\/v2\/tags?post=19299"}],"curies":[{"name":"wp","href":"https:\/\/api.w.org\/{rel}","templated":true}]}}