{"id":19302,"date":"2020-12-03T21:06:47","date_gmt":"2020-12-03T21:06:47","guid":{"rendered":"https:\/\/blogdorogeriogomes.com.br\/?p=19302"},"modified":"2020-12-09T12:20:36","modified_gmt":"2020-12-09T12:20:36","slug":"jose-sarto-tem-como-ultima-missao-na-assembleia-legislativa-trabalhar-por-seu-sucessor-na-presidencia-da-casa","status":"publish","type":"post","link":"https:\/\/blogdorogeriogomes.com.br\/noticias\/2020\/12\/jose-sarto-tem-como-ultima-missao-na-assembleia-legislativa-trabalhar-por-seu-sucessor-na-presidencia-da-casa\/","title":{"rendered":"Jos\u00e9 Sarto tem como \u00faltima miss\u00e3o na Assembleia Legislativa trabalhar por seu sucessor na presid\u00eancia da Casa"},"content":{"rendered":"\n<p>Com menos de um m\u00eas at\u00e9 sua posse como novo prefeito de Fortaleza, uma das miss\u00f5es de Jos\u00e9 Sarto (PDT) neste final de 2020 \u00e9 trabalhar nas tratativas sobre a sua sucess\u00e3o na presid\u00eancia da Assembleia Legislativa do Cear\u00e1. Deputado estadual, o pedetista n\u00e3o se licenciou do comando do Parlamento Estadual e j\u00e1 se re\u00fane para articular a escolha do nome, que deve ser fechado at\u00e9 o dia 15 de dezembro para a composi\u00e7\u00e3o da Mesa Diretora da Casa.<\/p>\n\n\n\n<p>Sarto j\u00e1 se reuniu com o presidente estadual do PDT, o deputado federal Andr\u00e9 Figueiredo, para avan\u00e7ar na pauta. \u201cN\u00f3s vamos conversar para, nos pr\u00f3ximos dias, ver qual a posi\u00e7\u00e3o do partido em rela\u00e7\u00e3o a nomes que possam compor uma eventual chapa\u201d, disse o prefeito eleito.<\/p>\n\n\n\n<p>Alguns nomes do partido j\u00e1 surgem na disputa interna, como Evandro Leit\u00e3o, Tin Gomes, Zezinho Albuquerque e S\u00e9rgio Aguiar. Ao entregar o cargo de deputado estadual para posse no Pa\u00e7o Municipal, Jos\u00e9 Sarto dar\u00e1 lugar ao suplente Manoel Duca (PDT).<\/p>\n\n\n\n<p>Chama a aten\u00e7\u00e3o o fato da posi\u00e7\u00e3o de presidente da Assembleia Legislativa ser estrat\u00e9gico dentro das disputas eleitorais. Com elei\u00e7\u00f5es de 2022 se aproximando, h\u00e1 muito a se pensar dentro da composi\u00e7\u00e3o do Legislativo.<\/p>\n\n\n\n<figure class=\"wp-block-image size-large\"><img loading=\"lazy\" decoding=\"async\" width=\"400\" height=\"267\" src=\"https:\/\/blogdorogeriogomes.com.br\/wp-content\/uploads\/2020\/12\/23d3d1de2694c7981b3862e610b40eff_L.jpg\" alt=\"\" class=\"wp-image-19303\" srcset=\"https:\/\/blogdorogeriogomes.com.br\/noticias\/wp-content\/uploads\/2020\/12\/23d3d1de2694c7981b3862e610b40eff_L.jpg 400w, https:\/\/blogdorogeriogomes.com.br\/noticias\/wp-content\/uploads\/2020\/12\/23d3d1de2694c7981b3862e610b40eff_L-300x200.jpg 300w\" sizes=\"auto, (max-width: 400px) 100vw, 400px\" \/><\/figure>\n\n\n\n<p><\/p>\n\n\n\n<p><\/p>\n\n\n\n<p><\/p>\n\n\n\n<p><\/p>\n\n\n\n<p><\/p>\n","protected":false},"excerpt":{"rendered":"<p>Com menos de um m\u00eas at\u00e9 sua posse como novo prefeito de Fortaleza, uma das miss\u00f5es de Jos\u00e9 Sarto (PDT) neste final de 2020 \u00e9 trabalhar nas tratativas sobre a sua sucess\u00e3o na presid\u00eancia da Assembleia Legislativa do Cear\u00e1. Deputado estadual, o pedetista n\u00e3o se licenciou do comando do Parlamento Estadual e j\u00e1 se re\u00fane para articular a escolha do nome, que deve ser fechado at\u00e9 o dia 15 de dezembro para a composi\u00e7\u00e3o da Mesa Diretora da Casa.&hellip;<\/p>\n","protected":false},"author":1,"featured_media":19303,"comment_status":"open","ping_status":"open","sticky":false,"template":"","format":"standard","meta":{"footnotes":""},"categories":[1],"tags":[],"class_list":["post-19302","post","type-post","status-publish","format-standard","has-post-thumbnail","hentry","category-noticias"],"_links":{"self":[{"href":"https:\/\/blogdorogeriogomes.com.br\/noticias\/wp-json\/wp\/v2\/posts\/19302","targetHints":{"allow":["GET"]}}],"collection":[{"href":"https:\/\/blogdorogeriogomes.com.br\/noticias\/wp-json\/wp\/v2\/posts"}],"about":[{"href":"https:\/\/blogdorogeriogomes.com.br\/noticias\/wp-json\/wp\/v2\/types\/post"}],"author":[{"embeddable":true,"href":"https:\/\/blogdorogeriogomes.com.br\/noticias\/wp-json\/wp\/v2\/users\/1"}],"replies":[{"embeddable":true,"href":"https:\/\/blogdorogeriogomes.com.br\/noticias\/wp-json\/wp\/v2\/comments?post=19302"}],"version-history":[{"count":1,"href":"https:\/\/blogdorogeriogomes.com.br\/noticias\/wp-json\/wp\/v2\/posts\/19302\/revisions"}],"predecessor-version":[{"id":19304,"href":"https:\/\/blogdorogeriogomes.com.br\/noticias\/wp-json\/wp\/v2\/posts\/19302\/revisions\/19304"}],"wp:featuredmedia":[{"embeddable":true,"href":"https:\/\/blogdorogeriogomes.com.br\/noticias\/wp-json\/wp\/v2\/media\/19303"}],"wp:attachment":[{"href":"https:\/\/blogdorogeriogomes.com.br\/noticias\/wp-json\/wp\/v2\/media?parent=19302"}],"wp:term":[{"taxonomy":"category","embeddable":true,"href":"https:\/\/blogdorogeriogomes.com.br\/noticias\/wp-json\/wp\/v2\/categories?post=19302"},{"taxonomy":"post_tag","embeddable":true,"href":"https:\/\/blogdorogeriogomes.com.br\/noticias\/wp-json\/wp\/v2\/tags?post=19302"}],"curies":[{"name":"wp","href":"https:\/\/api.w.org\/{rel}","templated":true}]}}