{"id":19305,"date":"2020-12-03T22:33:32","date_gmt":"2020-12-03T22:33:32","guid":{"rendered":"https:\/\/blogdorogeriogomes.com.br\/?p=19305"},"modified":"2020-12-09T12:20:03","modified_gmt":"2020-12-09T12:20:03","slug":"equipe-de-transicao-na-prefeitura-de-fortaleza-e-montada-e-comeca-a-trabalhar-na-segunda-feira","status":"publish","type":"post","link":"https:\/\/blogdorogeriogomes.com.br\/noticias\/2020\/12\/equipe-de-transicao-na-prefeitura-de-fortaleza-e-montada-e-comeca-a-trabalhar-na-segunda-feira\/","title":{"rendered":"Equipe de transi\u00e7\u00e3o na Prefeitura de Fortaleza \u00e9 montada e come\u00e7a a trabalhar na segunda-feira"},"content":{"rendered":"\n<p>O prefeito de Fortaleza, Roberto Claudio, e o prefeito eleito Jos\u00e9 Sarto definiram que a Comiss\u00e3o de Transi\u00e7\u00e3o ser\u00e1 conjunta, com a seguinte composi\u00e7\u00e3o: Samuel Dias, secret\u00e1rio de Governo e presidente do Cogefor (Comit\u00ea de Gest\u00e3o Fiscal), Marcelo Pinheiro, secret\u00e1rio chefe de Gabinete, Elcio Batista, vice-prefeito eleito, Ferrucio Feitosa, secret\u00e1rio da Regional II e coordenador de mobiliza\u00e7\u00e3o da campanha do prefeito eleito, e Renato Lima, secret\u00e1rio de Gest\u00e3o Regional e coordenador de articula\u00e7\u00e3o da campanha de Jos\u00e9 Sarto.<br>A comiss\u00e3o de transi\u00e7\u00e3o come\u00e7a a trabalhar a partir da pr\u00f3xima segunda-feira, dia 7 de dezembro, em uma sala no pr\u00f3prio Pa\u00e7o Municipal, e contar\u00e1 com apoio t\u00e9cnico de um grupo de servidores indicados pela Prefeitura de Fortaleza.<br>O grupo de apoio t\u00e9cnico ser\u00e1 formado pelo secret\u00e1rio executivo de Governo, Laudelio Bastos, pela coordenadora do Tesouro Municipal, Fl\u00e1via Bruno, pela secret\u00e1ria executiva da Secretaria de Planejamento, Or\u00e7amento e Gest\u00e3o, Cristina Machado, pelo secret\u00e1rio de Conserva\u00e7\u00e3o e Servi\u00e7os P\u00fablicos, Jo\u00e3o Pupo, pelo secret\u00e1rio executivo de Conserva\u00e7\u00e3o e Servi\u00e7os P\u00fablicos, Luiz Alberto Saboia, pelo secret\u00e1rio executivo da Chefia de Gabinete e presidente do Comit\u00ea Gestor do Plano Diretor, Pedro Rocha, e por Francisco Carlos Bezerra, representando o Instituto de Planejamento de Fortaleza (Iplanfor). Tamb\u00e9m ficou definido que outros servidores do Munic\u00edpio estar\u00e3o \u00e0 disposi\u00e7\u00e3o e poder\u00e3o participar das atividades de transi\u00e7\u00e3o caso a Comiss\u00e3o ou o prefeito eleito apresentem outras demandas que acharem necess\u00e1rias.<\/p>\n\n\n\n<figure class=\"wp-block-image size-large\"><img loading=\"lazy\" decoding=\"async\" width=\"1024\" height=\"768\" src=\"https:\/\/blogdorogeriogomes.com.br\/wp-content\/uploads\/2020\/12\/IMG-20201203-WA0162.jpg\" alt=\"\" class=\"wp-image-19306\" srcset=\"https:\/\/blogdorogeriogomes.com.br\/noticias\/wp-content\/uploads\/2020\/12\/IMG-20201203-WA0162.jpg 1024w, https:\/\/blogdorogeriogomes.com.br\/noticias\/wp-content\/uploads\/2020\/12\/IMG-20201203-WA0162-300x225.jpg 300w, https:\/\/blogdorogeriogomes.com.br\/noticias\/wp-content\/uploads\/2020\/12\/IMG-20201203-WA0162-768x576.jpg 768w, https:\/\/blogdorogeriogomes.com.br\/noticias\/wp-content\/uploads\/2020\/12\/IMG-20201203-WA0162-800x600.jpg 800w, https:\/\/blogdorogeriogomes.com.br\/noticias\/wp-content\/uploads\/2020\/12\/IMG-20201203-WA0162-400x300.jpg 400w\" sizes=\"auto, (max-width: 1024px) 100vw, 1024px\" \/><\/figure>\n","protected":false},"excerpt":{"rendered":"<p>O prefeito de Fortaleza, Roberto Claudio, e o prefeito eleito Jos\u00e9 Sarto definiram que a Comiss\u00e3o de Transi\u00e7\u00e3o ser\u00e1 conjunta, com a seguinte composi\u00e7\u00e3o: Samuel Dias, secret\u00e1rio de Governo e presidente do Cogefor (Comit\u00ea de Gest\u00e3o Fiscal), Marcelo Pinheiro, secret\u00e1rio chefe de Gabinete, Elcio Batista, vice-prefeito eleito, Ferrucio Feitosa, secret\u00e1rio da Regional II e coordenador de mobiliza\u00e7\u00e3o da campanha do prefeito eleito, e Renato Lima, secret\u00e1rio de Gest\u00e3o Regional e coordenador de articula\u00e7\u00e3o da campanha de Jos\u00e9 Sarto.A comiss\u00e3o&hellip;<\/p>\n","protected":false},"author":1,"featured_media":19306,"comment_status":"open","ping_status":"open","sticky":false,"template":"","format":"standard","meta":{"footnotes":""},"categories":[1],"tags":[],"class_list":["post-19305","post","type-post","status-publish","format-standard","has-post-thumbnail","hentry","category-noticias"],"_links":{"self":[{"href":"https:\/\/blogdorogeriogomes.com.br\/noticias\/wp-json\/wp\/v2\/posts\/19305","targetHints":{"allow":["GET"]}}],"collection":[{"href":"https:\/\/blogdorogeriogomes.com.br\/noticias\/wp-json\/wp\/v2\/posts"}],"about":[{"href":"https:\/\/blogdorogeriogomes.com.br\/noticias\/wp-json\/wp\/v2\/types\/post"}],"author":[{"embeddable":true,"href":"https:\/\/blogdorogeriogomes.com.br\/noticias\/wp-json\/wp\/v2\/users\/1"}],"replies":[{"embeddable":true,"href":"https:\/\/blogdorogeriogomes.com.br\/noticias\/wp-json\/wp\/v2\/comments?post=19305"}],"version-history":[{"count":1,"href":"https:\/\/blogdorogeriogomes.com.br\/noticias\/wp-json\/wp\/v2\/posts\/19305\/revisions"}],"predecessor-version":[{"id":19307,"href":"https:\/\/blogdorogeriogomes.com.br\/noticias\/wp-json\/wp\/v2\/posts\/19305\/revisions\/19307"}],"wp:featuredmedia":[{"embeddable":true,"href":"https:\/\/blogdorogeriogomes.com.br\/noticias\/wp-json\/wp\/v2\/media\/19306"}],"wp:attachment":[{"href":"https:\/\/blogdorogeriogomes.com.br\/noticias\/wp-json\/wp\/v2\/media?parent=19305"}],"wp:term":[{"taxonomy":"category","embeddable":true,"href":"https:\/\/blogdorogeriogomes.com.br\/noticias\/wp-json\/wp\/v2\/categories?post=19305"},{"taxonomy":"post_tag","embeddable":true,"href":"https:\/\/blogdorogeriogomes.com.br\/noticias\/wp-json\/wp\/v2\/tags?post=19305"}],"curies":[{"name":"wp","href":"https:\/\/api.w.org\/{rel}","templated":true}]}}