{"id":19308,"date":"2020-12-04T10:06:40","date_gmt":"2020-12-04T10:06:40","guid":{"rendered":"https:\/\/blogdorogeriogomes.com.br\/?p=19308"},"modified":"2020-12-09T12:19:50","modified_gmt":"2020-12-09T12:19:50","slug":"vereadores-de-fortaleza-aprovam-novo-regimento-interno-da-camara","status":"publish","type":"post","link":"https:\/\/blogdorogeriogomes.com.br\/noticias\/2020\/12\/vereadores-de-fortaleza-aprovam-novo-regimento-interno-da-camara\/","title":{"rendered":"Vereadores de Fortaleza aprovam novo regimento interno da C\u00e2mara"},"content":{"rendered":"\n<p>Em sess\u00e3o realizada nesta quinta-feira, dia 3 de dezembro, vereadores de Fortaleza aprovaram o projeto do novo Regimento Interno da C\u00e2mara Municipal. Entre as novas normas, h\u00e1 a que estabelece que o vereador mais idoso e com mais mandatos deve presidir a primeira sess\u00e3o da Legislatura em 2021, sendo o respons\u00e1vel por empossar os novos parlamentares eleitos em novembro passado. <\/p>\n\n\n\n<p>Os vereadores da Capital tamb\u00e9m aprovaram, em primeira discuss\u00e3o, o projeto de emenda \u00e0 Lei Org\u00e2nica do Munic\u00edpio, que ajusta a legisla\u00e7\u00e3o municipal \u00e0s altera\u00e7\u00f5es feitas pelo projeto do novo Regimento Interno da Casa. A mat\u00e9ria tamb\u00e9m deve voltar para segunda discuss\u00e3o na pr\u00f3xima semana.<\/p>\n\n\n\n<figure class=\"wp-block-image size-large\"><img loading=\"lazy\" decoding=\"async\" width=\"1024\" height=\"576\" src=\"https:\/\/blogdorogeriogomes.com.br\/wp-content\/uploads\/2020\/12\/Camara-Municipal-de-Fortaleza-Plenario-1024x576.jpg\" alt=\"\" class=\"wp-image-19309\" srcset=\"https:\/\/blogdorogeriogomes.com.br\/noticias\/wp-content\/uploads\/2020\/12\/Camara-Municipal-de-Fortaleza-Plenario-1024x576.jpg 1024w, https:\/\/blogdorogeriogomes.com.br\/noticias\/wp-content\/uploads\/2020\/12\/Camara-Municipal-de-Fortaleza-Plenario-300x169.jpg 300w, https:\/\/blogdorogeriogomes.com.br\/noticias\/wp-content\/uploads\/2020\/12\/Camara-Municipal-de-Fortaleza-Plenario-768x432.jpg 768w, https:\/\/blogdorogeriogomes.com.br\/noticias\/wp-content\/uploads\/2020\/12\/Camara-Municipal-de-Fortaleza-Plenario-1536x863.jpg 1536w, https:\/\/blogdorogeriogomes.com.br\/noticias\/wp-content\/uploads\/2020\/12\/Camara-Municipal-de-Fortaleza-Plenario-800x450.jpg 800w, https:\/\/blogdorogeriogomes.com.br\/noticias\/wp-content\/uploads\/2020\/12\/Camara-Municipal-de-Fortaleza-Plenario.jpg 1555w\" sizes=\"auto, (max-width: 1024px) 100vw, 1024px\" \/><\/figure>\n","protected":false},"excerpt":{"rendered":"<p>Em sess\u00e3o realizada nesta quinta-feira, dia 3 de dezembro, vereadores de Fortaleza aprovaram o projeto do novo Regimento Interno da C\u00e2mara Municipal. Entre as novas normas, h\u00e1 a que estabelece que o vereador mais idoso e com mais mandatos deve presidir a primeira sess\u00e3o da Legislatura em 2021, sendo o respons\u00e1vel por empossar os novos parlamentares eleitos em novembro passado. Os vereadores da Capital tamb\u00e9m aprovaram, em primeira discuss\u00e3o, o projeto de emenda \u00e0 Lei Org\u00e2nica do Munic\u00edpio, que&hellip;<\/p>\n","protected":false},"author":1,"featured_media":19309,"comment_status":"open","ping_status":"open","sticky":false,"template":"","format":"standard","meta":{"footnotes":""},"categories":[1],"tags":[],"class_list":["post-19308","post","type-post","status-publish","format-standard","has-post-thumbnail","hentry","category-noticias"],"_links":{"self":[{"href":"https:\/\/blogdorogeriogomes.com.br\/noticias\/wp-json\/wp\/v2\/posts\/19308","targetHints":{"allow":["GET"]}}],"collection":[{"href":"https:\/\/blogdorogeriogomes.com.br\/noticias\/wp-json\/wp\/v2\/posts"}],"about":[{"href":"https:\/\/blogdorogeriogomes.com.br\/noticias\/wp-json\/wp\/v2\/types\/post"}],"author":[{"embeddable":true,"href":"https:\/\/blogdorogeriogomes.com.br\/noticias\/wp-json\/wp\/v2\/users\/1"}],"replies":[{"embeddable":true,"href":"https:\/\/blogdorogeriogomes.com.br\/noticias\/wp-json\/wp\/v2\/comments?post=19308"}],"version-history":[{"count":1,"href":"https:\/\/blogdorogeriogomes.com.br\/noticias\/wp-json\/wp\/v2\/posts\/19308\/revisions"}],"predecessor-version":[{"id":19310,"href":"https:\/\/blogdorogeriogomes.com.br\/noticias\/wp-json\/wp\/v2\/posts\/19308\/revisions\/19310"}],"wp:featuredmedia":[{"embeddable":true,"href":"https:\/\/blogdorogeriogomes.com.br\/noticias\/wp-json\/wp\/v2\/media\/19309"}],"wp:attachment":[{"href":"https:\/\/blogdorogeriogomes.com.br\/noticias\/wp-json\/wp\/v2\/media?parent=19308"}],"wp:term":[{"taxonomy":"category","embeddable":true,"href":"https:\/\/blogdorogeriogomes.com.br\/noticias\/wp-json\/wp\/v2\/categories?post=19308"},{"taxonomy":"post_tag","embeddable":true,"href":"https:\/\/blogdorogeriogomes.com.br\/noticias\/wp-json\/wp\/v2\/tags?post=19308"}],"curies":[{"name":"wp","href":"https:\/\/api.w.org\/{rel}","templated":true}]}}