{"id":19314,"date":"2020-12-04T20:32:06","date_gmt":"2020-12-04T20:32:06","guid":{"rendered":"https:\/\/blogdorogeriogomes.com.br\/?p=19314"},"modified":"2020-12-09T12:19:17","modified_gmt":"2020-12-09T12:19:17","slug":"camilo-santana-renova-decreto-da-covid-19-sem-alteracoes-mas-alerta-para-evitar-excessos-e-aglomeracoes","status":"publish","type":"post","link":"https:\/\/blogdorogeriogomes.com.br\/noticias\/2020\/12\/camilo-santana-renova-decreto-da-covid-19-sem-alteracoes-mas-alerta-para-evitar-excessos-e-aglomeracoes\/","title":{"rendered":"Camilo Santana renova decreto da Covid-19 sem altera\u00e7\u00f5es, mas alerta para evitar excessos e aglomera\u00e7\u00f5es"},"content":{"rendered":"\n<p>Em reuni\u00e3o do Comit\u00ea Estadual de Enfrentamento \u00e0 Covid-19, nesta sexta-feira, dia 4 de dezembro, ficou definido que o decreto que define regras de distanciamento social no Cear\u00e1 continua o mesmo que vem sendo adotado nas \u00faltimas semanas. Sem altera\u00e7\u00f5es. O governador Camilo Santana ressalta que, apesar do registro de novos casos na Capital e no interior, n\u00e3o ir\u00e1 adotar novas restri\u00e7\u00f5es, mas alertando, no entanto, a necessidade de a popula\u00e7\u00e3o continuar fazendo o uso de m\u00e1scara em ambiente p\u00fablico e evitando os excessos e as aglomera\u00e7\u00f5es.<\/p>\n\n\n\n<p>A partir da pr\u00f3xima semana, t\u00e9cnicos da sa\u00fade devem se reunir com os setores de restaurantes e com\u00e9rcio para definir protocolos espec\u00edficos para o per\u00edodo de Natal e Ano Novo, quando o movimento de pessoas aumenta nas ruas.<\/p>\n\n\n\n<p>A incid\u00eancia da Covid-19 volta a preocupar n\u00e3o s\u00f3 Fortaleza, mas o interior do Cear\u00e1. Das cinco Regi\u00f5es de Sa\u00fade do Estado, quatro tiveram aumento de casos confirmados. As Regi\u00f5es de Fortaleza, Norte, Cariri e Litoral Leste tiveram incremento de infec\u00e7\u00f5es. As confirma\u00e7\u00f5es s\u00f3 ca\u00edram no Sert\u00e3o Central. Na Regi\u00e3o de Sa\u00fade de Fortaleza, composta pela Capital e mais 43 cidades, foram confirmados 1.307 novos casos e 26 \u00f3bitos na \u00faltima semana.<\/p>\n\n\n\n<figure class=\"wp-block-image size-large\"><img loading=\"lazy\" decoding=\"async\" width=\"678\" height=\"452\" src=\"https:\/\/blogdorogeriogomes.com.br\/wp-content\/uploads\/2020\/12\/images-12-1.jpeg\" alt=\"\" class=\"wp-image-19315\" srcset=\"https:\/\/blogdorogeriogomes.com.br\/noticias\/wp-content\/uploads\/2020\/12\/images-12-1.jpeg 678w, https:\/\/blogdorogeriogomes.com.br\/noticias\/wp-content\/uploads\/2020\/12\/images-12-1-300x200.jpeg 300w\" sizes=\"auto, (max-width: 678px) 100vw, 678px\" \/><\/figure>\n\n\n\n<p><\/p>\n","protected":false},"excerpt":{"rendered":"<p>Em reuni\u00e3o do Comit\u00ea Estadual de Enfrentamento \u00e0 Covid-19, nesta sexta-feira, dia 4 de dezembro, ficou definido que o decreto que define regras de distanciamento social no Cear\u00e1 continua o mesmo que vem sendo adotado nas \u00faltimas semanas. Sem altera\u00e7\u00f5es. O governador Camilo Santana ressalta que, apesar do registro de novos casos na Capital e no interior, n\u00e3o ir\u00e1 adotar novas restri\u00e7\u00f5es, mas alertando, no entanto, a necessidade de a popula\u00e7\u00e3o continuar fazendo o uso de m\u00e1scara em ambiente&hellip;<\/p>\n","protected":false},"author":1,"featured_media":19315,"comment_status":"open","ping_status":"open","sticky":false,"template":"","format":"standard","meta":{"footnotes":""},"categories":[1],"tags":[],"class_list":["post-19314","post","type-post","status-publish","format-standard","has-post-thumbnail","hentry","category-noticias"],"_links":{"self":[{"href":"https:\/\/blogdorogeriogomes.com.br\/noticias\/wp-json\/wp\/v2\/posts\/19314","targetHints":{"allow":["GET"]}}],"collection":[{"href":"https:\/\/blogdorogeriogomes.com.br\/noticias\/wp-json\/wp\/v2\/posts"}],"about":[{"href":"https:\/\/blogdorogeriogomes.com.br\/noticias\/wp-json\/wp\/v2\/types\/post"}],"author":[{"embeddable":true,"href":"https:\/\/blogdorogeriogomes.com.br\/noticias\/wp-json\/wp\/v2\/users\/1"}],"replies":[{"embeddable":true,"href":"https:\/\/blogdorogeriogomes.com.br\/noticias\/wp-json\/wp\/v2\/comments?post=19314"}],"version-history":[{"count":1,"href":"https:\/\/blogdorogeriogomes.com.br\/noticias\/wp-json\/wp\/v2\/posts\/19314\/revisions"}],"predecessor-version":[{"id":19316,"href":"https:\/\/blogdorogeriogomes.com.br\/noticias\/wp-json\/wp\/v2\/posts\/19314\/revisions\/19316"}],"wp:featuredmedia":[{"embeddable":true,"href":"https:\/\/blogdorogeriogomes.com.br\/noticias\/wp-json\/wp\/v2\/media\/19315"}],"wp:attachment":[{"href":"https:\/\/blogdorogeriogomes.com.br\/noticias\/wp-json\/wp\/v2\/media?parent=19314"}],"wp:term":[{"taxonomy":"category","embeddable":true,"href":"https:\/\/blogdorogeriogomes.com.br\/noticias\/wp-json\/wp\/v2\/categories?post=19314"},{"taxonomy":"post_tag","embeddable":true,"href":"https:\/\/blogdorogeriogomes.com.br\/noticias\/wp-json\/wp\/v2\/tags?post=19314"}],"curies":[{"name":"wp","href":"https:\/\/api.w.org\/{rel}","templated":true}]}}