{"id":19321,"date":"2020-12-07T08:55:29","date_gmt":"2020-12-07T08:55:29","guid":{"rendered":"https:\/\/blogdorogeriogomes.com.br\/?p=19321"},"modified":"2020-12-09T12:18:42","modified_gmt":"2020-12-09T12:18:42","slug":"evandro-leitao-deve-ser-confirmado-esta-semana-como-novo-presidente-da-assembleia-legislativa","status":"publish","type":"post","link":"https:\/\/blogdorogeriogomes.com.br\/noticias\/2020\/12\/evandro-leitao-deve-ser-confirmado-esta-semana-como-novo-presidente-da-assembleia-legislativa\/","title":{"rendered":"Evandro Leit\u00e3o deve ser confirmado esta semana como novo presidente da Assembleia Legislativa"},"content":{"rendered":"\n<p>O PDT confirmou o nome do deputado estadual Evandro Leit\u00e3o como sendo o indicado para presidir a Assembleia Legislativa do Cear\u00e1. O partido conta com a maior bancada na AL. Evandro dever\u00e1 ser o sucessor de Jos\u00e9 Sarto (PDT), que foi eleito prefeito de Fortaleza e assume a nova fun\u00e7\u00e3o em 1\u00b0 de janeiro.<\/p>\n\n\n\n<p>Nesta segunda-feira, dia 7 de dezembro, deve ser confirmada a composi\u00e7\u00e3o da nova Mesa Diretora na Assembleia Legislativa. Nos bastidores, a expectativa \u00e9 que Evandro Leit\u00e3o (PDT) assuma a presid\u00eancia; Ant\u00f4nio Granja (PDT), a primeira secretaria; e o primeiro vice-presidente seja Fernando Santana (PT). Nomes como os dos deputados Zezinho Albuquerque, S\u00e9rgio Aguiar e Tin Gomes tamb\u00e9m poder\u00e3o ser contemplados com cargos na Mesa Diretora. <\/p>\n\n\n\n<figure class=\"wp-block-image size-large\"><img loading=\"lazy\" decoding=\"async\" width=\"1024\" height=\"577\" src=\"https:\/\/blogdorogeriogomes.com.br\/wp-content\/uploads\/2020\/12\/evandro-leitao-1024x577.jpg\" alt=\"\" class=\"wp-image-19322\" srcset=\"https:\/\/blogdorogeriogomes.com.br\/noticias\/wp-content\/uploads\/2020\/12\/evandro-leitao-1024x577.jpg 1024w, https:\/\/blogdorogeriogomes.com.br\/noticias\/wp-content\/uploads\/2020\/12\/evandro-leitao-300x169.jpg 300w, https:\/\/blogdorogeriogomes.com.br\/noticias\/wp-content\/uploads\/2020\/12\/evandro-leitao-768x433.jpg 768w, https:\/\/blogdorogeriogomes.com.br\/noticias\/wp-content\/uploads\/2020\/12\/evandro-leitao-800x451.jpg 800w, https:\/\/blogdorogeriogomes.com.br\/noticias\/wp-content\/uploads\/2020\/12\/evandro-leitao.jpg 1037w\" sizes=\"auto, (max-width: 1024px) 100vw, 1024px\" \/><\/figure>\n","protected":false},"excerpt":{"rendered":"<p>O PDT confirmou o nome do deputado estadual Evandro Leit\u00e3o como sendo o indicado para presidir a Assembleia Legislativa do Cear\u00e1. O partido conta com a maior bancada na AL. Evandro dever\u00e1 ser o sucessor de Jos\u00e9 Sarto (PDT), que foi eleito prefeito de Fortaleza e assume a nova fun\u00e7\u00e3o em 1\u00b0 de janeiro. Nesta segunda-feira, dia 7 de dezembro, deve ser confirmada a composi\u00e7\u00e3o da nova Mesa Diretora na Assembleia Legislativa. Nos bastidores, a expectativa \u00e9 que Evandro&hellip;<\/p>\n","protected":false},"author":1,"featured_media":19322,"comment_status":"open","ping_status":"open","sticky":false,"template":"","format":"standard","meta":{"footnotes":""},"categories":[1],"tags":[],"class_list":["post-19321","post","type-post","status-publish","format-standard","has-post-thumbnail","hentry","category-noticias"],"_links":{"self":[{"href":"https:\/\/blogdorogeriogomes.com.br\/noticias\/wp-json\/wp\/v2\/posts\/19321","targetHints":{"allow":["GET"]}}],"collection":[{"href":"https:\/\/blogdorogeriogomes.com.br\/noticias\/wp-json\/wp\/v2\/posts"}],"about":[{"href":"https:\/\/blogdorogeriogomes.com.br\/noticias\/wp-json\/wp\/v2\/types\/post"}],"author":[{"embeddable":true,"href":"https:\/\/blogdorogeriogomes.com.br\/noticias\/wp-json\/wp\/v2\/users\/1"}],"replies":[{"embeddable":true,"href":"https:\/\/blogdorogeriogomes.com.br\/noticias\/wp-json\/wp\/v2\/comments?post=19321"}],"version-history":[{"count":1,"href":"https:\/\/blogdorogeriogomes.com.br\/noticias\/wp-json\/wp\/v2\/posts\/19321\/revisions"}],"predecessor-version":[{"id":19323,"href":"https:\/\/blogdorogeriogomes.com.br\/noticias\/wp-json\/wp\/v2\/posts\/19321\/revisions\/19323"}],"wp:featuredmedia":[{"embeddable":true,"href":"https:\/\/blogdorogeriogomes.com.br\/noticias\/wp-json\/wp\/v2\/media\/19322"}],"wp:attachment":[{"href":"https:\/\/blogdorogeriogomes.com.br\/noticias\/wp-json\/wp\/v2\/media?parent=19321"}],"wp:term":[{"taxonomy":"category","embeddable":true,"href":"https:\/\/blogdorogeriogomes.com.br\/noticias\/wp-json\/wp\/v2\/categories?post=19321"},{"taxonomy":"post_tag","embeddable":true,"href":"https:\/\/blogdorogeriogomes.com.br\/noticias\/wp-json\/wp\/v2\/tags?post=19321"}],"curies":[{"name":"wp","href":"https:\/\/api.w.org\/{rel}","templated":true}]}}