{"id":19324,"date":"2020-12-07T09:11:07","date_gmt":"2020-12-07T09:11:07","guid":{"rendered":"https:\/\/blogdorogeriogomes.com.br\/?p=19324"},"modified":"2020-12-09T12:18:31","modified_gmt":"2020-12-09T12:18:31","slug":"ceara-e-um-dos-estados-que-continua-em-alta-nos-casos-da-covid-19","status":"publish","type":"post","link":"https:\/\/blogdorogeriogomes.com.br\/noticias\/2020\/12\/ceara-e-um-dos-estados-que-continua-em-alta-nos-casos-da-covid-19\/","title":{"rendered":"Cear\u00e1 \u00e9 um dos estados que continua em alta nos casos da Covid-19"},"content":{"rendered":"\n<p>De acordo com o boletim da Secretaria de Sa\u00fade do Estado, o Cear\u00e1 j\u00e1 registrou 304.640<strong>&nbsp;<\/strong>casos confirmados e 9.704 mortes pela Covid-19 at\u00e9&nbsp;este domingo, dia 6 de dezembro. O montante representa um aumento de 197 casos da doen\u00e7a e 11&nbsp;novos \u00f3bitos registrados desde o \u00faltimo boletim, divulgado no \u00faltimo s\u00e1bado. Segundo a Sesa, tr\u00eas \u00f3bitos&nbsp;foram anotados&nbsp;nas \u00faltimas 24 horas. H\u00e1 ainda&nbsp;254.450 pessoas que se recuperaram da doen\u00e7a no Cear\u00e1.&nbsp;<\/p>\n\n\n\n<p>O Brasil registrou mais 321 mortes causadas pela Covid-19 nas \u00faltimas 24 horas desde o in\u00edcio da pandemia. Com isso, o n\u00famero de \u00f3bitos provocados pela doen\u00e7a chegou a 176.962. Ao todo, 17 estados seguem com tend\u00eancia de acelera\u00e7\u00e3o na m\u00e9dia m\u00f3vel de mortes, assim como duas regi\u00f5es: Sul e Nordeste.<\/p>\n\n\n\n<figure class=\"wp-block-image size-large\"><img loading=\"lazy\" decoding=\"async\" width=\"700\" height=\"438\" src=\"https:\/\/blogdorogeriogomes.com.br\/wp-content\/uploads\/2020\/12\/images-14.jpeg\" alt=\"\" class=\"wp-image-19325\" srcset=\"https:\/\/blogdorogeriogomes.com.br\/noticias\/wp-content\/uploads\/2020\/12\/images-14.jpeg 700w, https:\/\/blogdorogeriogomes.com.br\/noticias\/wp-content\/uploads\/2020\/12\/images-14-300x188.jpeg 300w\" sizes=\"auto, (max-width: 700px) 100vw, 700px\" \/><\/figure>\n","protected":false},"excerpt":{"rendered":"<p>De acordo com o boletim da Secretaria de Sa\u00fade do Estado, o Cear\u00e1 j\u00e1 registrou 304.640&nbsp;casos confirmados e 9.704 mortes pela Covid-19 at\u00e9&nbsp;este domingo, dia 6 de dezembro. O montante representa um aumento de 197 casos da doen\u00e7a e 11&nbsp;novos \u00f3bitos registrados desde o \u00faltimo boletim, divulgado no \u00faltimo s\u00e1bado. Segundo a Sesa, tr\u00eas \u00f3bitos&nbsp;foram anotados&nbsp;nas \u00faltimas 24 horas. H\u00e1 ainda&nbsp;254.450 pessoas que se recuperaram da doen\u00e7a no Cear\u00e1.&nbsp; O Brasil registrou mais 321 mortes causadas pela Covid-19 nas&hellip;<\/p>\n","protected":false},"author":1,"featured_media":19325,"comment_status":"open","ping_status":"open","sticky":false,"template":"","format":"standard","meta":{"footnotes":""},"categories":[1],"tags":[],"class_list":["post-19324","post","type-post","status-publish","format-standard","has-post-thumbnail","hentry","category-noticias"],"_links":{"self":[{"href":"https:\/\/blogdorogeriogomes.com.br\/noticias\/wp-json\/wp\/v2\/posts\/19324","targetHints":{"allow":["GET"]}}],"collection":[{"href":"https:\/\/blogdorogeriogomes.com.br\/noticias\/wp-json\/wp\/v2\/posts"}],"about":[{"href":"https:\/\/blogdorogeriogomes.com.br\/noticias\/wp-json\/wp\/v2\/types\/post"}],"author":[{"embeddable":true,"href":"https:\/\/blogdorogeriogomes.com.br\/noticias\/wp-json\/wp\/v2\/users\/1"}],"replies":[{"embeddable":true,"href":"https:\/\/blogdorogeriogomes.com.br\/noticias\/wp-json\/wp\/v2\/comments?post=19324"}],"version-history":[{"count":2,"href":"https:\/\/blogdorogeriogomes.com.br\/noticias\/wp-json\/wp\/v2\/posts\/19324\/revisions"}],"predecessor-version":[{"id":19359,"href":"https:\/\/blogdorogeriogomes.com.br\/noticias\/wp-json\/wp\/v2\/posts\/19324\/revisions\/19359"}],"wp:featuredmedia":[{"embeddable":true,"href":"https:\/\/blogdorogeriogomes.com.br\/noticias\/wp-json\/wp\/v2\/media\/19325"}],"wp:attachment":[{"href":"https:\/\/blogdorogeriogomes.com.br\/noticias\/wp-json\/wp\/v2\/media?parent=19324"}],"wp:term":[{"taxonomy":"category","embeddable":true,"href":"https:\/\/blogdorogeriogomes.com.br\/noticias\/wp-json\/wp\/v2\/categories?post=19324"},{"taxonomy":"post_tag","embeddable":true,"href":"https:\/\/blogdorogeriogomes.com.br\/noticias\/wp-json\/wp\/v2\/tags?post=19324"}],"curies":[{"name":"wp","href":"https:\/\/api.w.org\/{rel}","templated":true}]}}