{"id":19327,"date":"2020-12-07T09:22:31","date_gmt":"2020-12-07T09:22:31","guid":{"rendered":"https:\/\/blogdorogeriogomes.com.br\/?p=19327"},"modified":"2020-12-09T12:18:04","modified_gmt":"2020-12-09T12:18:04","slug":"bolsonaro-so-devera-reconhecer-a-vitoria-de-biden-nos-eua-apos-votacao-do-colegio-eleitoral","status":"publish","type":"post","link":"https:\/\/blogdorogeriogomes.com.br\/noticias\/2020\/12\/bolsonaro-so-devera-reconhecer-a-vitoria-de-biden-nos-eua-apos-votacao-do-colegio-eleitoral\/","title":{"rendered":"Bolsonaro s\u00f3 dever\u00e1 reconhecer a vit\u00f3ria de Biden nos EUA ap\u00f3s vota\u00e7\u00e3o do col\u00e9gio eleitoral"},"content":{"rendered":"\n<p>A coluna Painel, da Folha de S. Paulo, informa que, embora o resultado das elei\u00e7\u00f5es presidenciais nos Estados Unidos seja conhecido desde o \u00faltimo dia 6 de novembro, o presidente Jair Bolsonaro diz que s\u00f3 reconhecer\u00e1 a derrota do seu guru Donald Trump, depois da formaliza\u00e7\u00e3o pelo Col\u00e9gio Eleitoral, em 14 de dezembro. Joe Biden teve o maior n\u00famero de votos e delegados eleitos no pleito norte-americano.<\/p>\n\n\n\n<p>A Painel ressalta ainda a insatisfa\u00e7\u00e3o de Bolsonaro com a declara\u00e7\u00e3o do vice-presidente, general Hamilton Mour\u00e3o, que tratou Joe Biden como eleito, em novembro. Bolsonaro deu ordem a ministros de que a resposta padr\u00e3o a quest\u00f5es sobre o pleito nos EUA deve ser: \u201cn\u00e3o \u00e9 a hora de comentar\u201d.<\/p>\n\n\n\n<figure class=\"wp-block-image size-large\"><img loading=\"lazy\" decoding=\"async\" width=\"679\" height=\"452\" src=\"https:\/\/blogdorogeriogomes.com.br\/wp-content\/uploads\/2020\/12\/images-15.jpeg\" alt=\"\" class=\"wp-image-19328\" srcset=\"https:\/\/blogdorogeriogomes.com.br\/noticias\/wp-content\/uploads\/2020\/12\/images-15.jpeg 679w, https:\/\/blogdorogeriogomes.com.br\/noticias\/wp-content\/uploads\/2020\/12\/images-15-300x200.jpeg 300w\" sizes=\"auto, (max-width: 679px) 100vw, 679px\" \/><\/figure>\n","protected":false},"excerpt":{"rendered":"<p>A coluna Painel, da Folha de S. Paulo, informa que, embora o resultado das elei\u00e7\u00f5es presidenciais nos Estados Unidos seja conhecido desde o \u00faltimo dia 6 de novembro, o presidente Jair Bolsonaro diz que s\u00f3 reconhecer\u00e1 a derrota do seu guru Donald Trump, depois da formaliza\u00e7\u00e3o pelo Col\u00e9gio Eleitoral, em 14 de dezembro. Joe Biden teve o maior n\u00famero de votos e delegados eleitos no pleito norte-americano. A Painel ressalta ainda a insatisfa\u00e7\u00e3o de Bolsonaro com a declara\u00e7\u00e3o do&hellip;<\/p>\n","protected":false},"author":1,"featured_media":19328,"comment_status":"open","ping_status":"open","sticky":false,"template":"","format":"standard","meta":{"footnotes":""},"categories":[1],"tags":[],"class_list":["post-19327","post","type-post","status-publish","format-standard","has-post-thumbnail","hentry","category-noticias"],"_links":{"self":[{"href":"https:\/\/blogdorogeriogomes.com.br\/noticias\/wp-json\/wp\/v2\/posts\/19327","targetHints":{"allow":["GET"]}}],"collection":[{"href":"https:\/\/blogdorogeriogomes.com.br\/noticias\/wp-json\/wp\/v2\/posts"}],"about":[{"href":"https:\/\/blogdorogeriogomes.com.br\/noticias\/wp-json\/wp\/v2\/types\/post"}],"author":[{"embeddable":true,"href":"https:\/\/blogdorogeriogomes.com.br\/noticias\/wp-json\/wp\/v2\/users\/1"}],"replies":[{"embeddable":true,"href":"https:\/\/blogdorogeriogomes.com.br\/noticias\/wp-json\/wp\/v2\/comments?post=19327"}],"version-history":[{"count":1,"href":"https:\/\/blogdorogeriogomes.com.br\/noticias\/wp-json\/wp\/v2\/posts\/19327\/revisions"}],"predecessor-version":[{"id":19329,"href":"https:\/\/blogdorogeriogomes.com.br\/noticias\/wp-json\/wp\/v2\/posts\/19327\/revisions\/19329"}],"wp:featuredmedia":[{"embeddable":true,"href":"https:\/\/blogdorogeriogomes.com.br\/noticias\/wp-json\/wp\/v2\/media\/19328"}],"wp:attachment":[{"href":"https:\/\/blogdorogeriogomes.com.br\/noticias\/wp-json\/wp\/v2\/media?parent=19327"}],"wp:term":[{"taxonomy":"category","embeddable":true,"href":"https:\/\/blogdorogeriogomes.com.br\/noticias\/wp-json\/wp\/v2\/categories?post=19327"},{"taxonomy":"post_tag","embeddable":true,"href":"https:\/\/blogdorogeriogomes.com.br\/noticias\/wp-json\/wp\/v2\/tags?post=19327"}],"curies":[{"name":"wp","href":"https:\/\/api.w.org\/{rel}","templated":true}]}}