{"id":19330,"date":"2020-12-07T16:13:34","date_gmt":"2020-12-07T16:13:34","guid":{"rendered":"https:\/\/blogdorogeriogomes.com.br\/?p=19330"},"modified":"2020-12-09T12:17:39","modified_gmt":"2020-12-09T12:17:39","slug":"em-live-camilo-santana-promete-mais-rigor-com-locais-que-nao-cumpram-os-protocolos-sanitarios","status":"publish","type":"post","link":"https:\/\/blogdorogeriogomes.com.br\/noticias\/2020\/12\/em-live-camilo-santana-promete-mais-rigor-com-locais-que-nao-cumpram-os-protocolos-sanitarios\/","title":{"rendered":"Em live, Camilo Santana promete mais rigor com locais que n\u00e3o cumpram os protocolos sanit\u00e1rios"},"content":{"rendered":"\n<p>O governador do Cear\u00e1, Camilo Santana (PT), realizou uma live nesta segunda-feira, dia 7 de dezembro, para destacar as a\u00e7\u00f5es do Governo do Cear\u00e1 no combate \u00e0 Covid-19. E prometeu a\u00e7\u00f5es mais r\u00edgidas voltadas aos estabelecimentos que n\u00e3o obedecerem as normas sanit\u00e1rias em curso no Estado diante do cen\u00e1rio de pandemia.<\/p>\n\n\n\n<p>&#8220;N\u00f3s estamos falando de salvar vidas, proteger as pessoas e proteger a economia. Porque se houver necessidade de o Estado precisar tomar decis\u00f5es mais duras, n\u00f3s vamos tomar&#8221;, afirmou Camilo.<\/p>\n\n\n\n<p>O governador pediu ainda para que a popula\u00e7\u00e3o ajude com den\u00fancias a todos os empreendimentos que apresentarem infra\u00e7\u00f5es. Para denunciar, basta discar o n\u00famero 190 ou utilizar o aplicativo de celular Cear\u00e1 190. O denunciante tem assegurado o sigilo no ato da den\u00fancia.<\/p>\n\n\n\n<p>Camilo Santana chamou aten\u00e7\u00e3o para o aumento de casos confirmados do novo coronav\u00edrus no Cear\u00e1 e em todo o mundo, e pediu a todos os cearenses que tenham mais consci\u00eancia, obede\u00e7am os protocolos de seguran\u00e7a sanit\u00e1ria, usem m\u00e1scara e mantenham o distanciamento social.<\/p>\n\n\n\n<p>O pronunciamento de Camilo vem logo ap\u00f3s um fim de semana de muitos casos de aglomera\u00e7\u00e3o e pouco uso de m\u00e1scaras, especialmente em locais de grande fluxo de Fortaleza, como Beira Mar, Polo Gastron\u00f4mico da Varjota, Benfica e localidades do litoral.<\/p>\n\n\n\n<p>Ao lado do secret\u00e1rio de Sa\u00fade do Cear\u00e1, Dr. Cabeto, Camilo Santana tamb\u00e9m anunciou novos investimentos em sa\u00fade. Mais de 1.200 equipamentos de sa\u00fade, como desfibriladores, tom\u00f3grafos e concentradores de oxig\u00eanio, ser\u00e3o adquiridos pelo Governo do Estado para modernizar 16 unidades de sa\u00fade distribu\u00eddas nas cinco macrorregi\u00f5es do Estado, at\u00e9 2022.<\/p>\n\n\n\n<figure class=\"wp-block-image size-large\"><img loading=\"lazy\" decoding=\"async\" width=\"696\" height=\"390\" src=\"https:\/\/blogdorogeriogomes.com.br\/wp-content\/uploads\/2020\/12\/images-16.jpeg\" alt=\"\" class=\"wp-image-19331\" srcset=\"https:\/\/blogdorogeriogomes.com.br\/noticias\/wp-content\/uploads\/2020\/12\/images-16.jpeg 696w, https:\/\/blogdorogeriogomes.com.br\/noticias\/wp-content\/uploads\/2020\/12\/images-16-300x168.jpeg 300w\" sizes=\"auto, (max-width: 696px) 100vw, 696px\" \/><\/figure>\n\n\n\n<p><\/p>\n\n\n\n<p><\/p>\n\n\n\n<p><\/p>\n\n\n\n<p><\/p>\n\n\n\n<p><\/p>\n\n\n\n<p><\/p>\n","protected":false},"excerpt":{"rendered":"<p>O governador do Cear\u00e1, Camilo Santana (PT), realizou uma live nesta segunda-feira, dia 7 de dezembro, para destacar as a\u00e7\u00f5es do Governo do Cear\u00e1 no combate \u00e0 Covid-19. E prometeu a\u00e7\u00f5es mais r\u00edgidas voltadas aos estabelecimentos que n\u00e3o obedecerem as normas sanit\u00e1rias em curso no Estado diante do cen\u00e1rio de pandemia. &#8220;N\u00f3s estamos falando de salvar vidas, proteger as pessoas e proteger a economia. Porque se houver necessidade de o Estado precisar tomar decis\u00f5es mais duras, n\u00f3s vamos tomar&#8221;,&hellip;<\/p>\n","protected":false},"author":1,"featured_media":19331,"comment_status":"open","ping_status":"open","sticky":false,"template":"","format":"standard","meta":{"footnotes":""},"categories":[1],"tags":[],"class_list":["post-19330","post","type-post","status-publish","format-standard","has-post-thumbnail","hentry","category-noticias"],"_links":{"self":[{"href":"https:\/\/blogdorogeriogomes.com.br\/noticias\/wp-json\/wp\/v2\/posts\/19330","targetHints":{"allow":["GET"]}}],"collection":[{"href":"https:\/\/blogdorogeriogomes.com.br\/noticias\/wp-json\/wp\/v2\/posts"}],"about":[{"href":"https:\/\/blogdorogeriogomes.com.br\/noticias\/wp-json\/wp\/v2\/types\/post"}],"author":[{"embeddable":true,"href":"https:\/\/blogdorogeriogomes.com.br\/noticias\/wp-json\/wp\/v2\/users\/1"}],"replies":[{"embeddable":true,"href":"https:\/\/blogdorogeriogomes.com.br\/noticias\/wp-json\/wp\/v2\/comments?post=19330"}],"version-history":[{"count":1,"href":"https:\/\/blogdorogeriogomes.com.br\/noticias\/wp-json\/wp\/v2\/posts\/19330\/revisions"}],"predecessor-version":[{"id":19332,"href":"https:\/\/blogdorogeriogomes.com.br\/noticias\/wp-json\/wp\/v2\/posts\/19330\/revisions\/19332"}],"wp:featuredmedia":[{"embeddable":true,"href":"https:\/\/blogdorogeriogomes.com.br\/noticias\/wp-json\/wp\/v2\/media\/19331"}],"wp:attachment":[{"href":"https:\/\/blogdorogeriogomes.com.br\/noticias\/wp-json\/wp\/v2\/media?parent=19330"}],"wp:term":[{"taxonomy":"category","embeddable":true,"href":"https:\/\/blogdorogeriogomes.com.br\/noticias\/wp-json\/wp\/v2\/categories?post=19330"},{"taxonomy":"post_tag","embeddable":true,"href":"https:\/\/blogdorogeriogomes.com.br\/noticias\/wp-json\/wp\/v2\/tags?post=19330"}],"curies":[{"name":"wp","href":"https:\/\/api.w.org\/{rel}","templated":true}]}}