{"id":19333,"date":"2020-12-07T19:29:17","date_gmt":"2020-12-07T19:29:17","guid":{"rendered":"https:\/\/blogdorogeriogomes.com.br\/?p=19333"},"modified":"2020-12-09T12:17:26","modified_gmt":"2020-12-09T12:17:26","slug":"com-evandro-leitao-como-presidente-nova-composicao-da-mesa-diretora-da-al-busca-fortalecer-base-governista","status":"publish","type":"post","link":"https:\/\/blogdorogeriogomes.com.br\/noticias\/2020\/12\/com-evandro-leitao-como-presidente-nova-composicao-da-mesa-diretora-da-al-busca-fortalecer-base-governista\/","title":{"rendered":"Com Evandro Leit\u00e3o como presidente, nova composi\u00e7\u00e3o da Mesa Diretora da AL busca fortalecer base governista"},"content":{"rendered":"\n<p>Em entrevista coletiva nesta segunda-feira, dia 7 de abril, foi apresentada a chapa \u00fanica da nova Mesa Diretora da Assembleia Legislativa do Cear\u00e1. O deputado estadual Evandro Leit\u00e3o (PDT) foi confirmado como sucessor de Jos\u00e9 Sarto (PDT), eleito prefeito de Fortaleza, na presid\u00eancia. A decis\u00e3o ocorreu ap\u00f3s reuni\u00f5es internas entre membros da base governista e lideran\u00e7as do PDT.<\/p>\n\n\n\n<p>A elei\u00e7\u00e3o de Evandro e dos demais membros da nova Mesa Diretora deve ocorrer entre ter\u00e7a e quarta-feira. A composi\u00e7\u00e3o da chapa \u00e9 preenchida por: Fernando Santana (PT) &#8211; 1\u00ba vice; Danniel Oliveira (MDB) &#8211; 2\u00ba vice; Ant\u00f4nio Granja (PDT) &#8211; 1\u00ba secret\u00e1rio; Audic Mota (PSB) &#8211; 2\u00ba secret\u00e1rio; Erika Amorim (PSD) &#8211; 3\u00ba secret\u00e1rio; Ap\u00f3stolo Luiz Henrique (PP) &#8211; 4\u00ba secret\u00e1rio.<\/p>\n\n\n\n<p>Durante o processo de escolha do novo presidente, outros quadros pedetistas foram sondados, como Zezinho Albuquerque, que j\u00e1 foi presidente por tr\u00eas mandatos, S\u00e9rgio Aguiar e Tin Gomes.<\/p>\n\n\n\n<p>Atual presidente da AL-CE, Sarto toma posse como prefeito de Fortaleza em janeiro, mas participa de toda a articula\u00e7\u00e3o para sua sucess\u00e3o no Parlamento. A escolha do nome \u00e9 estrat\u00e9gica para o cen\u00e1rio pr\u00e9-elei\u00e7\u00f5es de 2022 para o Governo do Cear\u00e1, como tamb\u00e9m o fortalecimento da base no cen\u00e1rio municipal.<\/p>\n\n\n\n<figure class=\"wp-block-image size-large\"><img loading=\"lazy\" decoding=\"async\" width=\"1024\" height=\"473\" src=\"https:\/\/blogdorogeriogomes.com.br\/wp-content\/uploads\/2020\/12\/IMG-20201207-WA0114-1024x473.jpg\" alt=\"\" class=\"wp-image-19334\" srcset=\"https:\/\/blogdorogeriogomes.com.br\/noticias\/wp-content\/uploads\/2020\/12\/IMG-20201207-WA0114-1024x473.jpg 1024w, https:\/\/blogdorogeriogomes.com.br\/noticias\/wp-content\/uploads\/2020\/12\/IMG-20201207-WA0114-300x139.jpg 300w, https:\/\/blogdorogeriogomes.com.br\/noticias\/wp-content\/uploads\/2020\/12\/IMG-20201207-WA0114-768x355.jpg 768w, https:\/\/blogdorogeriogomes.com.br\/noticias\/wp-content\/uploads\/2020\/12\/IMG-20201207-WA0114-800x369.jpg 800w, https:\/\/blogdorogeriogomes.com.br\/noticias\/wp-content\/uploads\/2020\/12\/IMG-20201207-WA0114.jpg 1280w\" sizes=\"auto, (max-width: 1024px) 100vw, 1024px\" \/><\/figure>\n","protected":false},"excerpt":{"rendered":"<p>Em entrevista coletiva nesta segunda-feira, dia 7 de abril, foi apresentada a chapa \u00fanica da nova Mesa Diretora da Assembleia Legislativa do Cear\u00e1. O deputado estadual Evandro Leit\u00e3o (PDT) foi confirmado como sucessor de Jos\u00e9 Sarto (PDT), eleito prefeito de Fortaleza, na presid\u00eancia. A decis\u00e3o ocorreu ap\u00f3s reuni\u00f5es internas entre membros da base governista e lideran\u00e7as do PDT. A elei\u00e7\u00e3o de Evandro e dos demais membros da nova Mesa Diretora deve ocorrer entre ter\u00e7a e quarta-feira. A composi\u00e7\u00e3o da&hellip;<\/p>\n","protected":false},"author":1,"featured_media":19334,"comment_status":"open","ping_status":"open","sticky":false,"template":"","format":"standard","meta":{"footnotes":""},"categories":[1],"tags":[],"class_list":["post-19333","post","type-post","status-publish","format-standard","has-post-thumbnail","hentry","category-noticias"],"_links":{"self":[{"href":"https:\/\/blogdorogeriogomes.com.br\/noticias\/wp-json\/wp\/v2\/posts\/19333","targetHints":{"allow":["GET"]}}],"collection":[{"href":"https:\/\/blogdorogeriogomes.com.br\/noticias\/wp-json\/wp\/v2\/posts"}],"about":[{"href":"https:\/\/blogdorogeriogomes.com.br\/noticias\/wp-json\/wp\/v2\/types\/post"}],"author":[{"embeddable":true,"href":"https:\/\/blogdorogeriogomes.com.br\/noticias\/wp-json\/wp\/v2\/users\/1"}],"replies":[{"embeddable":true,"href":"https:\/\/blogdorogeriogomes.com.br\/noticias\/wp-json\/wp\/v2\/comments?post=19333"}],"version-history":[{"count":1,"href":"https:\/\/blogdorogeriogomes.com.br\/noticias\/wp-json\/wp\/v2\/posts\/19333\/revisions"}],"predecessor-version":[{"id":19335,"href":"https:\/\/blogdorogeriogomes.com.br\/noticias\/wp-json\/wp\/v2\/posts\/19333\/revisions\/19335"}],"wp:featuredmedia":[{"embeddable":true,"href":"https:\/\/blogdorogeriogomes.com.br\/noticias\/wp-json\/wp\/v2\/media\/19334"}],"wp:attachment":[{"href":"https:\/\/blogdorogeriogomes.com.br\/noticias\/wp-json\/wp\/v2\/media?parent=19333"}],"wp:term":[{"taxonomy":"category","embeddable":true,"href":"https:\/\/blogdorogeriogomes.com.br\/noticias\/wp-json\/wp\/v2\/categories?post=19333"},{"taxonomy":"post_tag","embeddable":true,"href":"https:\/\/blogdorogeriogomes.com.br\/noticias\/wp-json\/wp\/v2\/tags?post=19333"}],"curies":[{"name":"wp","href":"https:\/\/api.w.org\/{rel}","templated":true}]}}