{"id":19339,"date":"2020-12-08T09:40:43","date_gmt":"2020-12-08T09:40:43","guid":{"rendered":"https:\/\/blogdorogeriogomes.com.br\/?p=19339"},"modified":"2020-12-09T12:16:52","modified_gmt":"2020-12-09T12:16:52","slug":"ceara-parte-para-ofensiva-e-tenta-fechar-parceria-com-vacina-coronavac-junto-ao-governo-de-sao-paulo-e-instituto-butantan","status":"publish","type":"post","link":"https:\/\/blogdorogeriogomes.com.br\/noticias\/2020\/12\/ceara-parte-para-ofensiva-e-tenta-fechar-parceria-com-vacina-coronavac-junto-ao-governo-de-sao-paulo-e-instituto-butantan\/","title":{"rendered":"Cear\u00e1 parte para ofensiva e tenta fechar parceria com vacina CoronaVac junto ao Governo de S\u00e3o Paulo e Instituto Butantan"},"content":{"rendered":"\n<p>A lentid\u00e3o e a falta de iniciativa do Minist\u00e9rio da Sa\u00fade em definir uma vacina e um plano de imuniza\u00e7\u00e3o contra a Covid-19 est\u00e1 fazendo com que os governadores busquem solu\u00e7\u00f5es de forma individual para garantir que a popula\u00e7\u00e3o dos seus estados tenham acesso \u00e0 vacina. \u00c9 o caso do Cear\u00e1. O governador Camilo Santana afirmou que vem h\u00e1 um m\u00eas mantendo conversas com o governador de S\u00e3o Paulo, Jo\u00e3o D\u00f3ria, sobre a possibilidade de uma parceria em torno da vacina CoronaVac, que ser\u00e1 produzida pelo Instituto Butantan.<\/p>\n\n\n\n<p>Na pr\u00f3xima segunda-feira, dia 14 de dezembro, h\u00e1 uma reuni\u00e3o presencial marcada na Capital paulista entre Camilo Santana e Jo\u00e3o D\u00f3ria para tratar da aquisi\u00e7\u00e3o da vacina contra a Covid-19 pelo governo cearense. O secret\u00e1rio de Sa\u00fade do Cear\u00e1, Dr. Cabeto, tamb\u00e9m deve participar do encontro. O governador do Cear\u00e1 garante que o Estado tamb\u00e9m pretende negociar vacinas de outros laborat\u00f3rios que est\u00e3o em fase final de testes.<\/p>\n\n\n\n<figure class=\"wp-block-image size-large\"><img loading=\"lazy\" decoding=\"async\" width=\"739\" height=\"415\" src=\"https:\/\/blogdorogeriogomes.com.br\/wp-content\/uploads\/2020\/12\/images-17.jpeg\" alt=\"\" class=\"wp-image-19340\" srcset=\"https:\/\/blogdorogeriogomes.com.br\/noticias\/wp-content\/uploads\/2020\/12\/images-17.jpeg 739w, https:\/\/blogdorogeriogomes.com.br\/noticias\/wp-content\/uploads\/2020\/12\/images-17-300x168.jpeg 300w\" sizes=\"auto, (max-width: 739px) 100vw, 739px\" \/><\/figure>\n","protected":false},"excerpt":{"rendered":"<p>A lentid\u00e3o e a falta de iniciativa do Minist\u00e9rio da Sa\u00fade em definir uma vacina e um plano de imuniza\u00e7\u00e3o contra a Covid-19 est\u00e1 fazendo com que os governadores busquem solu\u00e7\u00f5es de forma individual para garantir que a popula\u00e7\u00e3o dos seus estados tenham acesso \u00e0 vacina. \u00c9 o caso do Cear\u00e1. O governador Camilo Santana afirmou que vem h\u00e1 um m\u00eas mantendo conversas com o governador de S\u00e3o Paulo, Jo\u00e3o D\u00f3ria, sobre a possibilidade de uma parceria em torno&hellip;<\/p>\n","protected":false},"author":1,"featured_media":19340,"comment_status":"open","ping_status":"open","sticky":false,"template":"","format":"standard","meta":{"footnotes":""},"categories":[1],"tags":[],"class_list":["post-19339","post","type-post","status-publish","format-standard","has-post-thumbnail","hentry","category-noticias"],"_links":{"self":[{"href":"https:\/\/blogdorogeriogomes.com.br\/noticias\/wp-json\/wp\/v2\/posts\/19339","targetHints":{"allow":["GET"]}}],"collection":[{"href":"https:\/\/blogdorogeriogomes.com.br\/noticias\/wp-json\/wp\/v2\/posts"}],"about":[{"href":"https:\/\/blogdorogeriogomes.com.br\/noticias\/wp-json\/wp\/v2\/types\/post"}],"author":[{"embeddable":true,"href":"https:\/\/blogdorogeriogomes.com.br\/noticias\/wp-json\/wp\/v2\/users\/1"}],"replies":[{"embeddable":true,"href":"https:\/\/blogdorogeriogomes.com.br\/noticias\/wp-json\/wp\/v2\/comments?post=19339"}],"version-history":[{"count":1,"href":"https:\/\/blogdorogeriogomes.com.br\/noticias\/wp-json\/wp\/v2\/posts\/19339\/revisions"}],"predecessor-version":[{"id":19341,"href":"https:\/\/blogdorogeriogomes.com.br\/noticias\/wp-json\/wp\/v2\/posts\/19339\/revisions\/19341"}],"wp:featuredmedia":[{"embeddable":true,"href":"https:\/\/blogdorogeriogomes.com.br\/noticias\/wp-json\/wp\/v2\/media\/19340"}],"wp:attachment":[{"href":"https:\/\/blogdorogeriogomes.com.br\/noticias\/wp-json\/wp\/v2\/media?parent=19339"}],"wp:term":[{"taxonomy":"category","embeddable":true,"href":"https:\/\/blogdorogeriogomes.com.br\/noticias\/wp-json\/wp\/v2\/categories?post=19339"},{"taxonomy":"post_tag","embeddable":true,"href":"https:\/\/blogdorogeriogomes.com.br\/noticias\/wp-json\/wp\/v2\/tags?post=19339"}],"curies":[{"name":"wp","href":"https:\/\/api.w.org\/{rel}","templated":true}]}}