{"id":19342,"date":"2020-12-08T15:35:56","date_gmt":"2020-12-08T15:35:56","guid":{"rendered":"https:\/\/blogdorogeriogomes.com.br\/?p=19342"},"modified":"2020-12-09T12:16:43","modified_gmt":"2020-12-09T12:16:43","slug":"evandro-leitao-e-eleito-presidente-da-al-ce-por-unanimidade-e-promete-ampliar-parceria-junto-a-executivo-e-judiciario","status":"publish","type":"post","link":"https:\/\/blogdorogeriogomes.com.br\/noticias\/2020\/12\/evandro-leitao-e-eleito-presidente-da-al-ce-por-unanimidade-e-promete-ampliar-parceria-junto-a-executivo-e-judiciario\/","title":{"rendered":"Evandro Leit\u00e3o \u00e9 eleito presidente da AL-CE por unanimidade e promete ampliar parceria junto a Executivo e Judici\u00e1rio"},"content":{"rendered":"\n<p>Em sess\u00e3o desta ter\u00e7a-feira, dia 8 de dezembro, o&nbsp; deputado estadual Evandro Leit\u00e3o foi eleito por aclama\u00e7\u00e3o o presidente da Assembleia Legislativa. Para a composi\u00e7\u00e3o da nova Mesa Diretora, foram escolhidos Fernando Santana (PT), como 1\u00b0 vice-presidente,&nbsp;Danniel Oliveira&nbsp;(MDB), como 2\u00b0 vice-presidente,&nbsp;Ant\u00f4nio Granja&nbsp;(PDT),&nbsp;Audic Mota&nbsp;(PSB),&nbsp;\u00c9rika Amorim&nbsp;(PSD) e&nbsp;Ap\u00f3stolo Luiz Henrique&nbsp;(Progressistas), respectivamente 1\u00b0, 2\u00b0, 3\u00b0 e 4\u00b0 secret\u00e1rios.<\/p>\n\n\n\n<p>Emocionado no discurso, Evandro Leit\u00e3o fez men\u00e7\u00e3o aos companheiros de partido que estiveram no p\u00e1reo pela presid\u00eancia, como Sergio Aguiar, Tin Gomes e Salmito Filho, e reafirmou o seu compromisso com a parceria junto ao Governo do Cear\u00e1 e ao Judici\u00e1rio Estadual.<\/p>\n\n\n\n<p>\u201cIremos estimular a produ\u00e7\u00e3o legislativa e apoiar iniciativas do Executivo. Vamos realizar parcerias com Poder Executivo e Judici\u00e1rio para estarmos juntos e pr\u00f3ximos dos cidad\u00e3os cearenses\u201d, disse Leit\u00e3o.<\/p>\n\n\n\n<p>Ao seu sucessor, Jos\u00e9 Sarto (PDT) destinou congratula\u00e7\u00f5es, fez elogios aos membros da base governista e afirmou ter orgulho de sua trajet\u00f3ria na Casa. &#8220;Devemos lembrar que estamos todos aqui de passagem. N\u00e3o somos permanentes&#8221;, destacou. Sarto deixa a AL para ser empossado prefeito de Fortaleza em janeiro.<\/p>\n\n\n\n<p>Evandro Leit\u00e3o assume a presid\u00eancia da Assembleia Legislativa no primeiro dia de fevereiro, na reabertura dos trabalhos do Parlamento Estadual.<\/p>\n\n\n\n<figure class=\"wp-block-image size-large\"><img loading=\"lazy\" decoding=\"async\" width=\"984\" height=\"738\" src=\"https:\/\/blogdorogeriogomes.com.br\/wp-content\/uploads\/2020\/12\/evandro-leitao-1.jpg\" alt=\"\" class=\"wp-image-19343\" srcset=\"https:\/\/blogdorogeriogomes.com.br\/noticias\/wp-content\/uploads\/2020\/12\/evandro-leitao-1.jpg 984w, https:\/\/blogdorogeriogomes.com.br\/noticias\/wp-content\/uploads\/2020\/12\/evandro-leitao-1-300x225.jpg 300w, https:\/\/blogdorogeriogomes.com.br\/noticias\/wp-content\/uploads\/2020\/12\/evandro-leitao-1-768x576.jpg 768w, https:\/\/blogdorogeriogomes.com.br\/noticias\/wp-content\/uploads\/2020\/12\/evandro-leitao-1-800x600.jpg 800w, https:\/\/blogdorogeriogomes.com.br\/noticias\/wp-content\/uploads\/2020\/12\/evandro-leitao-1-400x300.jpg 400w\" sizes=\"auto, (max-width: 984px) 100vw, 984px\" \/><\/figure>\n","protected":false},"excerpt":{"rendered":"<p>Em sess\u00e3o desta ter\u00e7a-feira, dia 8 de dezembro, o&nbsp; deputado estadual Evandro Leit\u00e3o foi eleito por aclama\u00e7\u00e3o o presidente da Assembleia Legislativa. Para a composi\u00e7\u00e3o da nova Mesa Diretora, foram escolhidos Fernando Santana (PT), como 1\u00b0 vice-presidente,&nbsp;Danniel Oliveira&nbsp;(MDB), como 2\u00b0 vice-presidente,&nbsp;Ant\u00f4nio Granja&nbsp;(PDT),&nbsp;Audic Mota&nbsp;(PSB),&nbsp;\u00c9rika Amorim&nbsp;(PSD) e&nbsp;Ap\u00f3stolo Luiz Henrique&nbsp;(Progressistas), respectivamente 1\u00b0, 2\u00b0, 3\u00b0 e 4\u00b0 secret\u00e1rios. Emocionado no discurso, Evandro Leit\u00e3o fez men\u00e7\u00e3o aos companheiros de partido que estiveram no p\u00e1reo pela presid\u00eancia, como Sergio Aguiar, Tin Gomes e Salmito Filho,&hellip;<\/p>\n","protected":false},"author":1,"featured_media":19343,"comment_status":"open","ping_status":"open","sticky":false,"template":"","format":"standard","meta":{"footnotes":""},"categories":[1],"tags":[],"class_list":["post-19342","post","type-post","status-publish","format-standard","has-post-thumbnail","hentry","category-noticias"],"_links":{"self":[{"href":"https:\/\/blogdorogeriogomes.com.br\/noticias\/wp-json\/wp\/v2\/posts\/19342","targetHints":{"allow":["GET"]}}],"collection":[{"href":"https:\/\/blogdorogeriogomes.com.br\/noticias\/wp-json\/wp\/v2\/posts"}],"about":[{"href":"https:\/\/blogdorogeriogomes.com.br\/noticias\/wp-json\/wp\/v2\/types\/post"}],"author":[{"embeddable":true,"href":"https:\/\/blogdorogeriogomes.com.br\/noticias\/wp-json\/wp\/v2\/users\/1"}],"replies":[{"embeddable":true,"href":"https:\/\/blogdorogeriogomes.com.br\/noticias\/wp-json\/wp\/v2\/comments?post=19342"}],"version-history":[{"count":2,"href":"https:\/\/blogdorogeriogomes.com.br\/noticias\/wp-json\/wp\/v2\/posts\/19342\/revisions"}],"predecessor-version":[{"id":19358,"href":"https:\/\/blogdorogeriogomes.com.br\/noticias\/wp-json\/wp\/v2\/posts\/19342\/revisions\/19358"}],"wp:featuredmedia":[{"embeddable":true,"href":"https:\/\/blogdorogeriogomes.com.br\/noticias\/wp-json\/wp\/v2\/media\/19343"}],"wp:attachment":[{"href":"https:\/\/blogdorogeriogomes.com.br\/noticias\/wp-json\/wp\/v2\/media?parent=19342"}],"wp:term":[{"taxonomy":"category","embeddable":true,"href":"https:\/\/blogdorogeriogomes.com.br\/noticias\/wp-json\/wp\/v2\/categories?post=19342"},{"taxonomy":"post_tag","embeddable":true,"href":"https:\/\/blogdorogeriogomes.com.br\/noticias\/wp-json\/wp\/v2\/tags?post=19342"}],"curies":[{"name":"wp","href":"https:\/\/api.w.org\/{rel}","templated":true}]}}