{"id":19345,"date":"2020-12-08T19:46:37","date_gmt":"2020-12-08T19:46:37","guid":{"rendered":"https:\/\/blogdorogeriogomes.com.br\/?p=19345"},"modified":"2020-12-09T12:16:33","modified_gmt":"2020-12-09T12:16:33","slug":"jornalista-chagas-vieira-e-o-novo-secretario-da-casa-civil-do-governo-do-ceara","status":"publish","type":"post","link":"https:\/\/blogdorogeriogomes.com.br\/noticias\/2020\/12\/jornalista-chagas-vieira-e-o-novo-secretario-da-casa-civil-do-governo-do-ceara\/","title":{"rendered":"Jornalista Chagas Vieira \u00e9 o novo secret\u00e1rio da Casa Civil do Governo do Cear\u00e1"},"content":{"rendered":"\n<p>O governador Camilo Santana anunciou nesta ter\u00e7a-feira, dia 8 de dezembro, atrav\u00e9s das redes sociais, o nome do novo secret\u00e1rio-Chefe da Casa Civil do Governo do Cear\u00e1, o jornalista Chagas Vieira, atualmente Assessor Especial de Comunica\u00e7\u00e3o. \u201cChagas tem colaborado com nosso Governo desde o come\u00e7o, em 2015, conhece muito bem todas as \u00e1reas e a gest\u00e3o, e tem capacidade para dar uma contribui\u00e7\u00e3o ainda maior ao nosso Estado\u201d, declarou Camilo Santana.<\/p>\n\n\n\n<p>Chagas Vieira \u00e9 graduado em Comunica\u00e7\u00e3o Social pela Universidade Federal do Cear\u00e1 (UFC), p\u00f3s-graduado pela Faculdade Cat\u00f3lica, e com MBA em Gest\u00e3o Empresarial pela Funda\u00e7\u00e3o Get\u00falio Vargas (FGV). Trabalhou em empresas de comunica\u00e7\u00e3o dos estados do Cear\u00e1, Bahia e Pernambuco. Desde 2015 estava \u00e0 frente da Comunica\u00e7\u00e3o do Governo do Estado do Cear\u00e1 como Assessor Especial. Ele substitui Fl\u00e1vio Juc\u00e1, que desde junho \u00faltimo respondia pela Casa Civil de forma interina.<\/p>\n\n\n\n<figure class=\"wp-block-image size-large\"><img loading=\"lazy\" decoding=\"async\" width=\"1024\" height=\"768\" src=\"https:\/\/blogdorogeriogomes.com.br\/wp-content\/uploads\/2020\/12\/129913497_2899858226913418_6162992635609567237_o-1200x900-1-1024x768.jpg\" alt=\"\" class=\"wp-image-19346\" srcset=\"https:\/\/blogdorogeriogomes.com.br\/noticias\/wp-content\/uploads\/2020\/12\/129913497_2899858226913418_6162992635609567237_o-1200x900-1-1024x768.jpg 1024w, https:\/\/blogdorogeriogomes.com.br\/noticias\/wp-content\/uploads\/2020\/12\/129913497_2899858226913418_6162992635609567237_o-1200x900-1-300x225.jpg 300w, https:\/\/blogdorogeriogomes.com.br\/noticias\/wp-content\/uploads\/2020\/12\/129913497_2899858226913418_6162992635609567237_o-1200x900-1-768x576.jpg 768w, https:\/\/blogdorogeriogomes.com.br\/noticias\/wp-content\/uploads\/2020\/12\/129913497_2899858226913418_6162992635609567237_o-1200x900-1-800x600.jpg 800w, https:\/\/blogdorogeriogomes.com.br\/noticias\/wp-content\/uploads\/2020\/12\/129913497_2899858226913418_6162992635609567237_o-1200x900-1-400x300.jpg 400w, https:\/\/blogdorogeriogomes.com.br\/noticias\/wp-content\/uploads\/2020\/12\/129913497_2899858226913418_6162992635609567237_o-1200x900-1.jpg 1200w\" sizes=\"auto, (max-width: 1024px) 100vw, 1024px\" \/><\/figure>\n","protected":false},"excerpt":{"rendered":"<p>O governador Camilo Santana anunciou nesta ter\u00e7a-feira, dia 8 de dezembro, atrav\u00e9s das redes sociais, o nome do novo secret\u00e1rio-Chefe da Casa Civil do Governo do Cear\u00e1, o jornalista Chagas Vieira, atualmente Assessor Especial de Comunica\u00e7\u00e3o. \u201cChagas tem colaborado com nosso Governo desde o come\u00e7o, em 2015, conhece muito bem todas as \u00e1reas e a gest\u00e3o, e tem capacidade para dar uma contribui\u00e7\u00e3o ainda maior ao nosso Estado\u201d, declarou Camilo Santana. Chagas Vieira \u00e9 graduado em Comunica\u00e7\u00e3o Social pela&hellip;<\/p>\n","protected":false},"author":1,"featured_media":19346,"comment_status":"open","ping_status":"open","sticky":false,"template":"","format":"standard","meta":{"footnotes":""},"categories":[1],"tags":[],"class_list":["post-19345","post","type-post","status-publish","format-standard","has-post-thumbnail","hentry","category-noticias"],"_links":{"self":[{"href":"https:\/\/blogdorogeriogomes.com.br\/noticias\/wp-json\/wp\/v2\/posts\/19345","targetHints":{"allow":["GET"]}}],"collection":[{"href":"https:\/\/blogdorogeriogomes.com.br\/noticias\/wp-json\/wp\/v2\/posts"}],"about":[{"href":"https:\/\/blogdorogeriogomes.com.br\/noticias\/wp-json\/wp\/v2\/types\/post"}],"author":[{"embeddable":true,"href":"https:\/\/blogdorogeriogomes.com.br\/noticias\/wp-json\/wp\/v2\/users\/1"}],"replies":[{"embeddable":true,"href":"https:\/\/blogdorogeriogomes.com.br\/noticias\/wp-json\/wp\/v2\/comments?post=19345"}],"version-history":[{"count":1,"href":"https:\/\/blogdorogeriogomes.com.br\/noticias\/wp-json\/wp\/v2\/posts\/19345\/revisions"}],"predecessor-version":[{"id":19347,"href":"https:\/\/blogdorogeriogomes.com.br\/noticias\/wp-json\/wp\/v2\/posts\/19345\/revisions\/19347"}],"wp:featuredmedia":[{"embeddable":true,"href":"https:\/\/blogdorogeriogomes.com.br\/noticias\/wp-json\/wp\/v2\/media\/19346"}],"wp:attachment":[{"href":"https:\/\/blogdorogeriogomes.com.br\/noticias\/wp-json\/wp\/v2\/media?parent=19345"}],"wp:term":[{"taxonomy":"category","embeddable":true,"href":"https:\/\/blogdorogeriogomes.com.br\/noticias\/wp-json\/wp\/v2\/categories?post=19345"},{"taxonomy":"post_tag","embeddable":true,"href":"https:\/\/blogdorogeriogomes.com.br\/noticias\/wp-json\/wp\/v2\/tags?post=19345"}],"curies":[{"name":"wp","href":"https:\/\/api.w.org\/{rel}","templated":true}]}}