{"id":19351,"date":"2020-12-09T09:16:56","date_gmt":"2020-12-09T09:16:56","guid":{"rendered":"https:\/\/blogdorogeriogomes.com.br\/?p=19351"},"modified":"2020-12-09T12:16:17","modified_gmt":"2020-12-09T12:16:17","slug":"brasil-completa-cinco-dias-com-tendencia-de-alta-na-media-movel-de-mortes-por-covid-19","status":"publish","type":"post","link":"https:\/\/blogdorogeriogomes.com.br\/noticias\/2020\/12\/brasil-completa-cinco-dias-com-tendencia-de-alta-na-media-movel-de-mortes-por-covid-19\/","title":{"rendered":"Brasil completa cinco dias com tend\u00eancia de alta na m\u00e9dia m\u00f3vel de mortes por Covid-19"},"content":{"rendered":"\n<p>Nesta ter\u00e7a-feira, dia 8 de dezembro, o Brasil registrou hoje mais 796 mortes causadas pela Covid-19 nas \u00faltimas 24 horas e completou cinco dias com tend\u00eancia de alta na m\u00e9dia m\u00f3vel de mortes. O Pa\u00eds j\u00e1 tem 178.184 \u00f3bitos provocados pela doen\u00e7a desde o in\u00edcio da pandemia. Houve 47.850 novos casos para a doen\u00e7a registrados de ontem para hoje em todo o pa\u00eds. Desde o come\u00e7o da pandemia, o total de infectados pelo novo coronav\u00edrus no Brasil chegou a 6.675.915.<\/p>\n\n\n\n<p>Oito capitais t\u00eam mais de 80% dos leitos de UTI ocupados com pacientes com a Covid-19. Diante da alta de interna\u00e7\u00f5es, estados querem proibir festas de fim de ano e restringir funcionamento de bares e restaurantes. No Cear\u00e1, o Governo do Estado deve anunciar um protocolo sanit\u00e1rio para o per\u00edodo de Natal e Ano Novo nos pr\u00f3ximos dias.<\/p>\n\n\n\n<figure class=\"wp-block-image size-large\"><img loading=\"lazy\" decoding=\"async\" width=\"678\" height=\"452\" src=\"https:\/\/blogdorogeriogomes.com.br\/wp-content\/uploads\/2020\/12\/images-19.jpeg\" alt=\"\" class=\"wp-image-19352\" srcset=\"https:\/\/blogdorogeriogomes.com.br\/noticias\/wp-content\/uploads\/2020\/12\/images-19.jpeg 678w, https:\/\/blogdorogeriogomes.com.br\/noticias\/wp-content\/uploads\/2020\/12\/images-19-300x200.jpeg 300w\" sizes=\"auto, (max-width: 678px) 100vw, 678px\" \/><\/figure>\n","protected":false},"excerpt":{"rendered":"<p>Nesta ter\u00e7a-feira, dia 8 de dezembro, o Brasil registrou hoje mais 796 mortes causadas pela Covid-19 nas \u00faltimas 24 horas e completou cinco dias com tend\u00eancia de alta na m\u00e9dia m\u00f3vel de mortes. O Pa\u00eds j\u00e1 tem 178.184 \u00f3bitos provocados pela doen\u00e7a desde o in\u00edcio da pandemia. Houve 47.850 novos casos para a doen\u00e7a registrados de ontem para hoje em todo o pa\u00eds. Desde o come\u00e7o da pandemia, o total de infectados pelo novo coronav\u00edrus no Brasil chegou a&hellip;<\/p>\n","protected":false},"author":1,"featured_media":19352,"comment_status":"open","ping_status":"open","sticky":false,"template":"","format":"standard","meta":{"footnotes":""},"categories":[1],"tags":[],"class_list":["post-19351","post","type-post","status-publish","format-standard","has-post-thumbnail","hentry","category-noticias"],"_links":{"self":[{"href":"https:\/\/blogdorogeriogomes.com.br\/noticias\/wp-json\/wp\/v2\/posts\/19351","targetHints":{"allow":["GET"]}}],"collection":[{"href":"https:\/\/blogdorogeriogomes.com.br\/noticias\/wp-json\/wp\/v2\/posts"}],"about":[{"href":"https:\/\/blogdorogeriogomes.com.br\/noticias\/wp-json\/wp\/v2\/types\/post"}],"author":[{"embeddable":true,"href":"https:\/\/blogdorogeriogomes.com.br\/noticias\/wp-json\/wp\/v2\/users\/1"}],"replies":[{"embeddable":true,"href":"https:\/\/blogdorogeriogomes.com.br\/noticias\/wp-json\/wp\/v2\/comments?post=19351"}],"version-history":[{"count":1,"href":"https:\/\/blogdorogeriogomes.com.br\/noticias\/wp-json\/wp\/v2\/posts\/19351\/revisions"}],"predecessor-version":[{"id":19353,"href":"https:\/\/blogdorogeriogomes.com.br\/noticias\/wp-json\/wp\/v2\/posts\/19351\/revisions\/19353"}],"wp:featuredmedia":[{"embeddable":true,"href":"https:\/\/blogdorogeriogomes.com.br\/noticias\/wp-json\/wp\/v2\/media\/19352"}],"wp:attachment":[{"href":"https:\/\/blogdorogeriogomes.com.br\/noticias\/wp-json\/wp\/v2\/media?parent=19351"}],"wp:term":[{"taxonomy":"category","embeddable":true,"href":"https:\/\/blogdorogeriogomes.com.br\/noticias\/wp-json\/wp\/v2\/categories?post=19351"},{"taxonomy":"post_tag","embeddable":true,"href":"https:\/\/blogdorogeriogomes.com.br\/noticias\/wp-json\/wp\/v2\/tags?post=19351"}],"curies":[{"name":"wp","href":"https:\/\/api.w.org\/{rel}","templated":true}]}}