{"id":19364,"date":"2020-12-09T18:53:15","date_gmt":"2020-12-09T18:53:15","guid":{"rendered":"https:\/\/blogdorogeriogomes.com.br\/?p=19364"},"modified":"2020-12-09T18:53:17","modified_gmt":"2020-12-09T18:53:17","slug":"apos-briga-entre-ministros-marcelo-alvaro-antonio-e-demitido-da-pasta-do-turismo","status":"publish","type":"post","link":"https:\/\/blogdorogeriogomes.com.br\/noticias\/2020\/12\/apos-briga-entre-ministros-marcelo-alvaro-antonio-e-demitido-da-pasta-do-turismo\/","title":{"rendered":"Ap\u00f3s briga entre ministros, Marcelo \u00c1lvaro Ant\u00f4nio \u00e9 demitido da pasta do Turismo"},"content":{"rendered":"\n<p>O ministro do Turismo, Marcelo \u00c1lvaro Ant\u00f4nio, foi demitido pelo presidente Jair Bolsonaro nesta quarta-feira, dia 9 de dezembro. Ele \u00e9 piv\u00f4 do esquema de candidaturas laranjas do PSL em Minas Gerais e foi indiciado pela Pol\u00edcia Federal sob suspeita dos crimes de falsidade ideol\u00f3gica eleitoral, apropria\u00e7\u00e3o ind\u00e9bita de recurso eleitoral e associa\u00e7\u00e3o criminosa, com pena de cinco, seis e tr\u00eas anos de cadeia, respectivamente. <\/p>\n\n\n\n<p>Mas o estopim para a queda de Marcelo \u00c1lvaro Ant\u00f4nio do Minist\u00e9rio do Turismo foi um desentendimento com outro ministro de Bolsonaro: o titular da Secretaria de Governo, General Luiz Eduardo Ramos. Segundo \u00c1lvaro Ant\u00f4nio, Ramos estaria negociando a pasta do Turismo com partidos do Centr\u00e3o  no Congresso Nacional. A discuss\u00e3o se deu num grupo de WhatsApp dos auxiliares do Governo Federal.<\/p>\n\n\n\n<figure class=\"wp-block-image size-large\"><img loading=\"lazy\" decoding=\"async\" width=\"678\" height=\"452\" src=\"https:\/\/blogdorogeriogomes.com.br\/wp-content\/uploads\/2020\/12\/images-20.jpeg\" alt=\"\" class=\"wp-image-19365\" srcset=\"https:\/\/blogdorogeriogomes.com.br\/noticias\/wp-content\/uploads\/2020\/12\/images-20.jpeg 678w, https:\/\/blogdorogeriogomes.com.br\/noticias\/wp-content\/uploads\/2020\/12\/images-20-300x200.jpeg 300w\" sizes=\"auto, (max-width: 678px) 100vw, 678px\" \/><\/figure>\n","protected":false},"excerpt":{"rendered":"<p>O ministro do Turismo, Marcelo \u00c1lvaro Ant\u00f4nio, foi demitido pelo presidente Jair Bolsonaro nesta quarta-feira, dia 9 de dezembro. Ele \u00e9 piv\u00f4 do esquema de candidaturas laranjas do PSL em Minas Gerais e foi indiciado pela Pol\u00edcia Federal sob suspeita dos crimes de falsidade ideol\u00f3gica eleitoral, apropria\u00e7\u00e3o ind\u00e9bita de recurso eleitoral e associa\u00e7\u00e3o criminosa, com pena de cinco, seis e tr\u00eas anos de cadeia, respectivamente. Mas o estopim para a queda de Marcelo \u00c1lvaro Ant\u00f4nio do Minist\u00e9rio do Turismo&hellip;<\/p>\n","protected":false},"author":1,"featured_media":0,"comment_status":"open","ping_status":"open","sticky":false,"template":"","format":"standard","meta":{"footnotes":""},"categories":[1],"tags":[],"class_list":["post-19364","post","type-post","status-publish","format-standard","hentry","category-noticias"],"_links":{"self":[{"href":"https:\/\/blogdorogeriogomes.com.br\/noticias\/wp-json\/wp\/v2\/posts\/19364","targetHints":{"allow":["GET"]}}],"collection":[{"href":"https:\/\/blogdorogeriogomes.com.br\/noticias\/wp-json\/wp\/v2\/posts"}],"about":[{"href":"https:\/\/blogdorogeriogomes.com.br\/noticias\/wp-json\/wp\/v2\/types\/post"}],"author":[{"embeddable":true,"href":"https:\/\/blogdorogeriogomes.com.br\/noticias\/wp-json\/wp\/v2\/users\/1"}],"replies":[{"embeddable":true,"href":"https:\/\/blogdorogeriogomes.com.br\/noticias\/wp-json\/wp\/v2\/comments?post=19364"}],"version-history":[{"count":1,"href":"https:\/\/blogdorogeriogomes.com.br\/noticias\/wp-json\/wp\/v2\/posts\/19364\/revisions"}],"predecessor-version":[{"id":19366,"href":"https:\/\/blogdorogeriogomes.com.br\/noticias\/wp-json\/wp\/v2\/posts\/19364\/revisions\/19366"}],"wp:attachment":[{"href":"https:\/\/blogdorogeriogomes.com.br\/noticias\/wp-json\/wp\/v2\/media?parent=19364"}],"wp:term":[{"taxonomy":"category","embeddable":true,"href":"https:\/\/blogdorogeriogomes.com.br\/noticias\/wp-json\/wp\/v2\/categories?post=19364"},{"taxonomy":"post_tag","embeddable":true,"href":"https:\/\/blogdorogeriogomes.com.br\/noticias\/wp-json\/wp\/v2\/tags?post=19364"}],"curies":[{"name":"wp","href":"https:\/\/api.w.org\/{rel}","templated":true}]}}