{"id":19367,"date":"2020-12-09T23:36:27","date_gmt":"2020-12-09T23:36:27","guid":{"rendered":"https:\/\/blogdorogeriogomes.com.br\/?p=19367"},"modified":"2020-12-14T13:32:48","modified_gmt":"2020-12-14T13:32:48","slug":"covid-19-governo-do-ceara-altera-plano-de-contingenca-prevendo-a-aplicacao-de-vacina-e-o-combate-a-uma-possivel-segunda-onda","status":"publish","type":"post","link":"https:\/\/blogdorogeriogomes.com.br\/noticias\/2020\/12\/covid-19-governo-do-ceara-altera-plano-de-contingenca-prevendo-a-aplicacao-de-vacina-e-o-combate-a-uma-possivel-segunda-onda\/","title":{"rendered":"Covid-19: Governo do Cear\u00e1 altera Plano de Conting\u00eanca prevendo a aplica\u00e7\u00e3o de vacina e o combate a uma poss\u00edvel segunda onda"},"content":{"rendered":"\n<p>O Governo do Cear\u00e1 lan\u00e7ou nesta quarta-feira, dia 9 de dezembro, por meio da Secretaria da Sa\u00fade do Cear\u00e1 (Sesa), uma atualiza\u00e7\u00e3o do Plano Estadual de Conting\u00eancia contra a Doen\u00e7a pelo Coronav\u00edrus (Covid-19). Nela, consta a base de informa\u00e7\u00f5es sobre a log\u00edstica de aplica\u00e7\u00e3o da vacina. O documento refor\u00e7a recomenda\u00e7\u00f5es sanit\u00e1rias como forma de preven\u00e7\u00e3o \u00e0 chegada de uma segunda onda da pandemia no Estado, com orienta\u00e7\u00e3o aos profissionais da Sa\u00fade e tamb\u00e9m \u00e0 popula\u00e7\u00e3o cearense.<\/p>\n\n\n\n<p>A orienta\u00e7\u00e3o do poder estadual destina-se principalmente \u00e0s a\u00e7\u00f5es necess\u00e1rias no acompanhamento e atendimento de pacientes com Covid, definindo inclusive os grupos priorit\u00e1rios para a vacina\u00e7\u00e3o, quando o imunizante estiver dispon\u00edvel no Estado. A primeira leva de vacinas ser\u00e1 destinada a trabalhadores da Sa\u00fade e pessoas com mais de 75 anos. Mais de 1,7 milh\u00e3o de pessoas devem ser vacinadas nos grupos priorit\u00e1rios, com meta de imunizar pelo menos 95% deste nicho.<\/p>\n\n\n\n<p>A segunda fase envolve pessoas de 60 a 74 anos, enquanto a terceira fase \u00e9 focada em pessoas com comorbidades que tem maior chance de agravamento da doen\u00e7a, como doen\u00e7as renais e cardiovasculares. J\u00e1 a quarta fase ser\u00e1 para professores, profissionais de for\u00e7as de seguran\u00e7a, salvamento, funcion\u00e1rios do sistema prisional e popula\u00e7\u00e3o privada de liberdade.<\/p>\n\n\n\n<p>Ser\u00e3o necess\u00e1rias 4.485.190 doses da vacina para o Estado do Cear\u00e1, em duas aplica\u00e7\u00f5es. Para log\u00edstica da aplica\u00e7\u00e3o, o Plano Estadual anuncia a aquisi\u00e7\u00e3o de 147 c\u00e2maras refrigeradas de 200 e 300 litros, destinadas a munic\u00edpios com at\u00e9 100 mil habitantes, e 22 refrigeradores de 400 litros para cidades com popula\u00e7\u00e3o acima de 100 mil habitantes.<\/p>\n\n\n\n<p>Segundo o titular da Sesa, Dr. Cabeto (foto), \u00e9 indispens\u00e1vel a vigil\u00e2ncia em todo o Estado, no atual cen\u00e1rio epidemiol\u00f3gico, a investiga\u00e7\u00e3o e a notifica\u00e7\u00e3o imediatas de todos os casos suspeitos e contatos, al\u00e9m de &#8220;identificar e interromper surtos da Doen\u00e7a pelo Coronav\u00edrus para que as medidas de preven\u00e7\u00e3o e controle possam ser desencadeadas oportunamente&#8221;.<\/p>\n\n\n\n<p>O plano da Sesa tamb\u00e9m lembra dos n\u00edveis de alerta de gravidade de acordo com a situa\u00e7\u00e3o da pandemia no Estado em cinco fases: 1) N\u00edvel de resposta de reativa\u00e7\u00e3o (momento de refor\u00e7ada vigil\u00e2ncia epidemiol\u00f3gica); 2) Estado de aten\u00e7\u00e3o (amplia\u00e7\u00e3o de testes em massa e monitoramento dos casos); 3) Emerg\u00eancia em sa\u00fade p\u00fablica (envolve o lockdown); 4) Recupera\u00e7\u00e3o (reabertura); 5) Desativa\u00e7\u00e3o do plano (quando n\u00e3o houver mais perigo).<\/p>\n\n\n\n<figure class=\"wp-block-image size-large\"><img loading=\"lazy\" decoding=\"async\" width=\"739\" height=\"415\" src=\"https:\/\/blogdorogeriogomes.com.br\/wp-content\/uploads\/2020\/12\/images-21.jpeg\" alt=\"\" class=\"wp-image-19368\" srcset=\"https:\/\/blogdorogeriogomes.com.br\/noticias\/wp-content\/uploads\/2020\/12\/images-21.jpeg 739w, https:\/\/blogdorogeriogomes.com.br\/noticias\/wp-content\/uploads\/2020\/12\/images-21-300x168.jpeg 300w\" sizes=\"auto, (max-width: 739px) 100vw, 739px\" \/><\/figure>\n","protected":false},"excerpt":{"rendered":"<p>O Governo do Cear\u00e1 lan\u00e7ou nesta quarta-feira, dia 9 de dezembro, por meio da Secretaria da Sa\u00fade do Cear\u00e1 (Sesa), uma atualiza\u00e7\u00e3o do Plano Estadual de Conting\u00eancia contra a Doen\u00e7a pelo Coronav\u00edrus (Covid-19). Nela, consta a base de informa\u00e7\u00f5es sobre a log\u00edstica de aplica\u00e7\u00e3o da vacina. O documento refor\u00e7a recomenda\u00e7\u00f5es sanit\u00e1rias como forma de preven\u00e7\u00e3o \u00e0 chegada de uma segunda onda da pandemia no Estado, com orienta\u00e7\u00e3o aos profissionais da Sa\u00fade e tamb\u00e9m \u00e0 popula\u00e7\u00e3o cearense. A orienta\u00e7\u00e3o do&hellip;<\/p>\n","protected":false},"author":1,"featured_media":19368,"comment_status":"open","ping_status":"open","sticky":false,"template":"","format":"standard","meta":{"footnotes":""},"categories":[1],"tags":[],"class_list":["post-19367","post","type-post","status-publish","format-standard","has-post-thumbnail","hentry","category-noticias"],"_links":{"self":[{"href":"https:\/\/blogdorogeriogomes.com.br\/noticias\/wp-json\/wp\/v2\/posts\/19367","targetHints":{"allow":["GET"]}}],"collection":[{"href":"https:\/\/blogdorogeriogomes.com.br\/noticias\/wp-json\/wp\/v2\/posts"}],"about":[{"href":"https:\/\/blogdorogeriogomes.com.br\/noticias\/wp-json\/wp\/v2\/types\/post"}],"author":[{"embeddable":true,"href":"https:\/\/blogdorogeriogomes.com.br\/noticias\/wp-json\/wp\/v2\/users\/1"}],"replies":[{"embeddable":true,"href":"https:\/\/blogdorogeriogomes.com.br\/noticias\/wp-json\/wp\/v2\/comments?post=19367"}],"version-history":[{"count":1,"href":"https:\/\/blogdorogeriogomes.com.br\/noticias\/wp-json\/wp\/v2\/posts\/19367\/revisions"}],"predecessor-version":[{"id":19369,"href":"https:\/\/blogdorogeriogomes.com.br\/noticias\/wp-json\/wp\/v2\/posts\/19367\/revisions\/19369"}],"wp:featuredmedia":[{"embeddable":true,"href":"https:\/\/blogdorogeriogomes.com.br\/noticias\/wp-json\/wp\/v2\/media\/19368"}],"wp:attachment":[{"href":"https:\/\/blogdorogeriogomes.com.br\/noticias\/wp-json\/wp\/v2\/media?parent=19367"}],"wp:term":[{"taxonomy":"category","embeddable":true,"href":"https:\/\/blogdorogeriogomes.com.br\/noticias\/wp-json\/wp\/v2\/categories?post=19367"},{"taxonomy":"post_tag","embeddable":true,"href":"https:\/\/blogdorogeriogomes.com.br\/noticias\/wp-json\/wp\/v2\/tags?post=19367"}],"curies":[{"name":"wp","href":"https:\/\/api.w.org\/{rel}","templated":true}]}}