{"id":19376,"date":"2020-12-10T20:41:17","date_gmt":"2020-12-10T20:41:17","guid":{"rendered":"https:\/\/blogdorogeriogomes.com.br\/?p=19376"},"modified":"2020-12-14T13:32:32","modified_gmt":"2020-12-14T13:32:32","slug":"liderancas-do-pt-divergem-sobre-oposicao-a-gestao-de-sarto-nogueira-em-fortaleza","status":"publish","type":"post","link":"https:\/\/blogdorogeriogomes.com.br\/noticias\/2020\/12\/liderancas-do-pt-divergem-sobre-oposicao-a-gestao-de-sarto-nogueira-em-fortaleza\/","title":{"rendered":"Lideran\u00e7as do PT divergem sobre oposi\u00e7\u00e3o \u00e0 gest\u00e3o de Sarto Nogueira em Fortaleza"},"content":{"rendered":"\n<p>O posicionamento do Partido dos Trabalhadores na esfera municipal em Fortaleza ainda segue em discuss\u00e3o e envolve diverg\u00eancias internas entre lideran\u00e7as da legenda. Apesar da parceria entre o governador Camilo Santana (PT) com a Prefeitura de Fortaleza durante os dois mandatos de Roberto Cl\u00e1udio (PDT), foram oito anos de oposi\u00e7\u00e3o petista na C\u00e2mara Municipal.<\/p>\n\n\n\n<p>L\u00edder do PT no Parlamento da Capital, a vereadora Larissa Gaspar (foto) defende que o partido deve se manter na oposi\u00e7\u00e3o ao governo do novo prefeito, Jos\u00e9 Sarto (PDT). Para Gaspar, \u00e9 mais coerente estar do mesmo lado de parlamentares do PSOL numa oposi\u00e7\u00e3o cr\u00edtica e progressista a quest\u00f5es defendidas pelo grupo pol\u00edtico pedetista.<\/p>\n\n\n\n<p>Apesar de o PT ter apoiado a candidatura de Sarto no segundo turno contra Capit\u00e3o Wagner (Pros), foi uma uni\u00e3o movida principalmente pelo combate ao bolsonarismo, visto que Wagner era abertamente apoiado pelo presidente Jair Bolsonaro. Contudo, as tens\u00f5es entre os Ferreira Gomes, Ciro e Cid, e o Partido dos Trabalhadores seguem fortes e alimentam o distanciamento em Fortaleza.<\/p>\n\n\n\n<p>&#8220;O apoio teve objetivo de derrotar o projeto fascista do Bolsonaro em Fortaleza. Devemos continuar na oposi\u00e7\u00e3o de uma forma madura, tranquila, sendo oposi\u00e7\u00e3o cr\u00edtica, propositiva, que cobra melhorias para o povo de Fortaleza&#8221;, disse a vereadora.<\/p>\n\n\n\n<p>O deputado estadual e quadro experiente do PT no Cear\u00e1, Acr\u00edsio Sena (foto), tem posi\u00e7\u00e3o contr\u00e1ria \u00e0 defendida por Larissa Gaspar. Acr\u00edsio cobrou nesta quinta-feira, dia 10 de dezembro, durante sess\u00e3o da Assembleia Legislativa, uma reflex\u00e3o mais aprofundada sobre a rela\u00e7\u00e3o que manter\u00e3o com a gest\u00e3o de Jos\u00e9 Sarto. &#8220;\u00c9 preciso que dialoguem diretamente com o prefeito eleito. Fomos decisivos na vit\u00f3ria do Sarto no segundo turno e os dois partidos atuam juntos no governo de Camilo Santana&#8221;, alertou.<\/p>\n\n\n\n<p>O contexto fortalezense que causa a quest\u00e3o dentro do PT envolve diretamente Luizianne Lins. Em 2012, a ent\u00e3o prefeita de Fortaleza j\u00e1 estava rompida com os Ferreira Gomes, e teve o seu candidato \u00e0 sucess\u00e3o, Elmano de Freitas (PT), derrotado por Roberto Cl\u00e1udio. Nas elei\u00e7\u00f5es deste ano, Luizianne ficou em terceiro lugar. A deputada federal e seus apoiadores reclamaram, ao longo do pleito, de ataques da campanha de Sarto direcionadas \u00e0 sua candidatura.<\/p>\n\n\n\n<p>A executiva do PT deve se decidir oficialmente sobre qual posi\u00e7\u00e3o tomar sobre o mandato de Sarto, que se inicia a partir de 1\u00ba de janeiro de 2021, somente na pr\u00f3xima semana.<\/p>\n\n\n\n<figure class=\"wp-block-image size-large\"><img loading=\"lazy\" decoding=\"async\" width=\"621\" height=\"494\" src=\"https:\/\/blogdorogeriogomes.com.br\/wp-content\/uploads\/2020\/12\/images-24.jpeg\" alt=\"\" class=\"wp-image-19377\" srcset=\"https:\/\/blogdorogeriogomes.com.br\/noticias\/wp-content\/uploads\/2020\/12\/images-24.jpeg 621w, https:\/\/blogdorogeriogomes.com.br\/noticias\/wp-content\/uploads\/2020\/12\/images-24-300x239.jpeg 300w\" sizes=\"auto, (max-width: 621px) 100vw, 621px\" \/><\/figure>\n","protected":false},"excerpt":{"rendered":"<p>O posicionamento do Partido dos Trabalhadores na esfera municipal em Fortaleza ainda segue em discuss\u00e3o e envolve diverg\u00eancias internas entre lideran\u00e7as da legenda. Apesar da parceria entre o governador Camilo Santana (PT) com a Prefeitura de Fortaleza durante os dois mandatos de Roberto Cl\u00e1udio (PDT), foram oito anos de oposi\u00e7\u00e3o petista na C\u00e2mara Municipal. L\u00edder do PT no Parlamento da Capital, a vereadora Larissa Gaspar (foto) defende que o partido deve se manter na oposi\u00e7\u00e3o ao governo do novo&hellip;<\/p>\n","protected":false},"author":1,"featured_media":19377,"comment_status":"open","ping_status":"open","sticky":false,"template":"","format":"standard","meta":{"footnotes":""},"categories":[1],"tags":[],"class_list":["post-19376","post","type-post","status-publish","format-standard","has-post-thumbnail","hentry","category-noticias"],"_links":{"self":[{"href":"https:\/\/blogdorogeriogomes.com.br\/noticias\/wp-json\/wp\/v2\/posts\/19376","targetHints":{"allow":["GET"]}}],"collection":[{"href":"https:\/\/blogdorogeriogomes.com.br\/noticias\/wp-json\/wp\/v2\/posts"}],"about":[{"href":"https:\/\/blogdorogeriogomes.com.br\/noticias\/wp-json\/wp\/v2\/types\/post"}],"author":[{"embeddable":true,"href":"https:\/\/blogdorogeriogomes.com.br\/noticias\/wp-json\/wp\/v2\/users\/1"}],"replies":[{"embeddable":true,"href":"https:\/\/blogdorogeriogomes.com.br\/noticias\/wp-json\/wp\/v2\/comments?post=19376"}],"version-history":[{"count":1,"href":"https:\/\/blogdorogeriogomes.com.br\/noticias\/wp-json\/wp\/v2\/posts\/19376\/revisions"}],"predecessor-version":[{"id":19378,"href":"https:\/\/blogdorogeriogomes.com.br\/noticias\/wp-json\/wp\/v2\/posts\/19376\/revisions\/19378"}],"wp:featuredmedia":[{"embeddable":true,"href":"https:\/\/blogdorogeriogomes.com.br\/noticias\/wp-json\/wp\/v2\/media\/19377"}],"wp:attachment":[{"href":"https:\/\/blogdorogeriogomes.com.br\/noticias\/wp-json\/wp\/v2\/media?parent=19376"}],"wp:term":[{"taxonomy":"category","embeddable":true,"href":"https:\/\/blogdorogeriogomes.com.br\/noticias\/wp-json\/wp\/v2\/categories?post=19376"},{"taxonomy":"post_tag","embeddable":true,"href":"https:\/\/blogdorogeriogomes.com.br\/noticias\/wp-json\/wp\/v2\/tags?post=19376"}],"curies":[{"name":"wp","href":"https:\/\/api.w.org\/{rel}","templated":true}]}}