{"id":19382,"date":"2020-12-11T09:16:00","date_gmt":"2020-12-11T09:16:00","guid":{"rendered":"https:\/\/blogdorogeriogomes.com.br\/?p=19382"},"modified":"2020-12-14T13:32:11","modified_gmt":"2020-12-14T13:32:11","slug":"roberto-claudio-faz-balanco-da-gestao-com-secretariado-e-define-a-entrega-das-ultimas-obras-ate-o-fim-de-dezembro","status":"publish","type":"post","link":"https:\/\/blogdorogeriogomes.com.br\/noticias\/2020\/12\/roberto-claudio-faz-balanco-da-gestao-com-secretariado-e-define-a-entrega-das-ultimas-obras-ate-o-fim-de-dezembro\/","title":{"rendered":"Roberto Cl\u00e1udio faz balan\u00e7o da gest\u00e3o com secretariado e define a entrega das \u00faltimas obras at\u00e9 o fim de dezembro"},"content":{"rendered":"\n<p>O prefeito de Fortaleza, Roberto Cl\u00e1udio (PDT), faz nesta sexta-feira, dia 11 de dezembro, a \u00faltima reuni\u00e3o com o secretariado municipal na sua gest\u00e3o. O encontro contar\u00e1 com a presen\u00e7a do prefeito eleito, Sarto Nogueira (PDT).<\/p>\n\n\n\n<p>Na reuni\u00e3o, que ser\u00e1 realizada no Hotel Gran Mareiro, ser\u00e3o debatidos a avalia\u00e7\u00e3o do Plano de Governo, o acompanhamento das obras e o balan\u00e7o dos legados da gest\u00e3o.<br>At\u00e9 o fim de dezembro, quando termina a gest\u00e3o, Roberto Cl\u00e1udio ainda deve entregar v\u00e1rias obras, como \u00e9 o caso da nova Pra\u00e7a Jos\u00e9 de Alencar, totalmente requalificada. Pelo menos mais sete Areninhas e escolas de tempo integral tamb\u00e9m devem ser inauguradas.<br>A entrega da nova avenida Beira Mar deve ficar para janeiro de 2021, porque houve atraso na entrega de material para a conclus\u00e3o dos novos quiosques. Mas a parte de passeio de pedestres e para os ve\u00edculos j\u00e1 est\u00e1 finalizada.<\/p>\n\n\n\n<figure class=\"wp-block-image size-large\"><img loading=\"lazy\" decoding=\"async\" width=\"1024\" height=\"608\" src=\"https:\/\/blogdorogeriogomes.com.br\/wp-content\/uploads\/2020\/12\/IMG_20201211_061105_079-1024x608.jpg\" alt=\"\" class=\"wp-image-19383\" srcset=\"https:\/\/blogdorogeriogomes.com.br\/noticias\/wp-content\/uploads\/2020\/12\/IMG_20201211_061105_079-1024x608.jpg 1024w, https:\/\/blogdorogeriogomes.com.br\/noticias\/wp-content\/uploads\/2020\/12\/IMG_20201211_061105_079-300x178.jpg 300w, https:\/\/blogdorogeriogomes.com.br\/noticias\/wp-content\/uploads\/2020\/12\/IMG_20201211_061105_079-768x456.jpg 768w, https:\/\/blogdorogeriogomes.com.br\/noticias\/wp-content\/uploads\/2020\/12\/IMG_20201211_061105_079-800x475.jpg 800w, https:\/\/blogdorogeriogomes.com.br\/noticias\/wp-content\/uploads\/2020\/12\/IMG_20201211_061105_079.jpg 1280w\" sizes=\"auto, (max-width: 1024px) 100vw, 1024px\" \/><\/figure>\n","protected":false},"excerpt":{"rendered":"<p>O prefeito de Fortaleza, Roberto Cl\u00e1udio (PDT), faz nesta sexta-feira, dia 11 de dezembro, a \u00faltima reuni\u00e3o com o secretariado municipal na sua gest\u00e3o. O encontro contar\u00e1 com a presen\u00e7a do prefeito eleito, Sarto Nogueira (PDT). Na reuni\u00e3o, que ser\u00e1 realizada no Hotel Gran Mareiro, ser\u00e3o debatidos a avalia\u00e7\u00e3o do Plano de Governo, o acompanhamento das obras e o balan\u00e7o dos legados da gest\u00e3o.At\u00e9 o fim de dezembro, quando termina a gest\u00e3o, Roberto Cl\u00e1udio ainda deve entregar v\u00e1rias obras,&hellip;<\/p>\n","protected":false},"author":1,"featured_media":19383,"comment_status":"open","ping_status":"open","sticky":false,"template":"","format":"standard","meta":{"footnotes":""},"categories":[1],"tags":[],"class_list":["post-19382","post","type-post","status-publish","format-standard","has-post-thumbnail","hentry","category-noticias"],"_links":{"self":[{"href":"https:\/\/blogdorogeriogomes.com.br\/noticias\/wp-json\/wp\/v2\/posts\/19382","targetHints":{"allow":["GET"]}}],"collection":[{"href":"https:\/\/blogdorogeriogomes.com.br\/noticias\/wp-json\/wp\/v2\/posts"}],"about":[{"href":"https:\/\/blogdorogeriogomes.com.br\/noticias\/wp-json\/wp\/v2\/types\/post"}],"author":[{"embeddable":true,"href":"https:\/\/blogdorogeriogomes.com.br\/noticias\/wp-json\/wp\/v2\/users\/1"}],"replies":[{"embeddable":true,"href":"https:\/\/blogdorogeriogomes.com.br\/noticias\/wp-json\/wp\/v2\/comments?post=19382"}],"version-history":[{"count":1,"href":"https:\/\/blogdorogeriogomes.com.br\/noticias\/wp-json\/wp\/v2\/posts\/19382\/revisions"}],"predecessor-version":[{"id":19384,"href":"https:\/\/blogdorogeriogomes.com.br\/noticias\/wp-json\/wp\/v2\/posts\/19382\/revisions\/19384"}],"wp:featuredmedia":[{"embeddable":true,"href":"https:\/\/blogdorogeriogomes.com.br\/noticias\/wp-json\/wp\/v2\/media\/19383"}],"wp:attachment":[{"href":"https:\/\/blogdorogeriogomes.com.br\/noticias\/wp-json\/wp\/v2\/media?parent=19382"}],"wp:term":[{"taxonomy":"category","embeddable":true,"href":"https:\/\/blogdorogeriogomes.com.br\/noticias\/wp-json\/wp\/v2\/categories?post=19382"},{"taxonomy":"post_tag","embeddable":true,"href":"https:\/\/blogdorogeriogomes.com.br\/noticias\/wp-json\/wp\/v2\/tags?post=19382"}],"curies":[{"name":"wp","href":"https:\/\/api.w.org\/{rel}","templated":true}]}}