{"id":19388,"date":"2020-12-11T18:53:24","date_gmt":"2020-12-11T18:53:24","guid":{"rendered":"https:\/\/blogdorogeriogomes.com.br\/?p=19388"},"modified":"2020-12-14T13:31:40","modified_gmt":"2020-12-14T13:31:40","slug":"prefeitura-de-fortaleza-deixa-protocolos-de-retorno-as-aulas-para-a-proxima-gestao","status":"publish","type":"post","link":"https:\/\/blogdorogeriogomes.com.br\/noticias\/2020\/12\/prefeitura-de-fortaleza-deixa-protocolos-de-retorno-as-aulas-para-a-proxima-gestao\/","title":{"rendered":"Prefeitura de Fortaleza deixa protocolos de retorno \u00e0s aulas para a pr\u00f3xima gest\u00e3o"},"content":{"rendered":"\n<p>Durante a \u00faltima reuni\u00e3o do secretariado municipal com o prefeito Roberto Cl\u00e1udio (PDT), nesta sexta-feira, dia 11 de dezembro, a Secretaria Municipal de Educa\u00e7\u00e3o garantiu que n\u00e3o h\u00e1 previs\u00e3o de retorno para a retomada das aulas presenciais na rede p\u00fablica de ensino.<\/p>\n\n\n\n<p>A secret\u00e1ria Dalila Saldanha destaca que ainda n\u00e3o \u00e9 poss\u00edvel planejar o retorno devido ao contexto ainda preocupante da pandemia da Covid-19. Contudo, a Prefeitura de Fortaleza deixa protocolos definidos para quando a situa\u00e7\u00e3o for favor\u00e1vel ao processo.<\/p>\n\n\n\n<p>&#8220;As aulas encerram dia 24 de dezembro e temos todo um plano de recupera\u00e7\u00e3o de estudos, inclusive de refor\u00e7o escolar para as crian\u00e7as, iniciando logo no dia 28 de dezembro at\u00e9 o dia, salve engano, 24 de janeiro&#8221;, afirmou Dalila, que disse ainda que \u00e9 preciso &#8220;seguir na torcida pela vacina&#8221; para a popula\u00e7\u00e3o.<\/p>\n\n\n\n<p>Na ocasi\u00e3o, o prefeito Roberto Cl\u00e1udio ressaltou que a Capital vive hoje uma situa\u00e7\u00e3o bem diferente da vivenciada no primeiro pico do novo coronav\u00edrus, com altera\u00e7\u00e7\u00e3o significativa do \u00edndice de imuniza\u00e7\u00e3o. &#8220;A gente est\u00e1 vivendo uma recrudesc\u00eancia do Covid, obviamente em uma escala menor do que a primeira vez porque j\u00e1 h\u00e1 um \u00edndice de imuniza\u00e7\u00e3o coletiva diferente&#8221;.<\/p>\n\n\n\n<p>O prefeito eleito, Jos\u00e9 Sarto (PDT), assume a cadeira no Pa\u00e7o Municipal a partir do dia 1\u00ba de janeiro de 2021, e trabalha para at\u00e9 o fim do m\u00eas apresentar o seu secretariado. Para iniciar a sua gest\u00e3o, o deputado estadual contar\u00e1 com a garantia de R$ 1 bilh\u00e3o de reais para investimento em a\u00e7\u00f5es e d\u00edvidas do munic\u00edpio quitadas.<\/p>\n\n\n\n<p>&#8220;Esse foi o ano em que as receitas ca\u00edram bastante, pr\u00f3ximo ano n\u00e3o h\u00e1 sinaliza\u00e7\u00e3o de uma melhora significativa tamb\u00e9m. Vamos viver tanto rescaldo deste ano, como tamb\u00e9m ainda \u00e9 um desafio de poder reorganizar, reestruturar a confian\u00e7a da economia do pr\u00f3ximo ano&#8221;, enfatizou Roberto Cl\u00e1udio.<\/p>\n\n\n\n<figure class=\"wp-block-image size-large\"><img loading=\"lazy\" decoding=\"async\" width=\"1024\" height=\"681\" src=\"https:\/\/blogdorogeriogomes.com.br\/wp-content\/uploads\/2020\/12\/20201211095748_IMG_1331-1024x681-1.jpg\" alt=\"\" class=\"wp-image-19389\" srcset=\"https:\/\/blogdorogeriogomes.com.br\/noticias\/wp-content\/uploads\/2020\/12\/20201211095748_IMG_1331-1024x681-1.jpg 1024w, https:\/\/blogdorogeriogomes.com.br\/noticias\/wp-content\/uploads\/2020\/12\/20201211095748_IMG_1331-1024x681-1-300x200.jpg 300w, https:\/\/blogdorogeriogomes.com.br\/noticias\/wp-content\/uploads\/2020\/12\/20201211095748_IMG_1331-1024x681-1-768x511.jpg 768w, https:\/\/blogdorogeriogomes.com.br\/noticias\/wp-content\/uploads\/2020\/12\/20201211095748_IMG_1331-1024x681-1-800x532.jpg 800w\" sizes=\"auto, (max-width: 1024px) 100vw, 1024px\" \/><\/figure>\n","protected":false},"excerpt":{"rendered":"<p>Durante a \u00faltima reuni\u00e3o do secretariado municipal com o prefeito Roberto Cl\u00e1udio (PDT), nesta sexta-feira, dia 11 de dezembro, a Secretaria Municipal de Educa\u00e7\u00e3o garantiu que n\u00e3o h\u00e1 previs\u00e3o de retorno para a retomada das aulas presenciais na rede p\u00fablica de ensino. A secret\u00e1ria Dalila Saldanha destaca que ainda n\u00e3o \u00e9 poss\u00edvel planejar o retorno devido ao contexto ainda preocupante da pandemia da Covid-19. Contudo, a Prefeitura de Fortaleza deixa protocolos definidos para quando a situa\u00e7\u00e3o for favor\u00e1vel ao&hellip;<\/p>\n","protected":false},"author":1,"featured_media":19389,"comment_status":"open","ping_status":"open","sticky":false,"template":"","format":"standard","meta":{"footnotes":""},"categories":[1],"tags":[],"class_list":["post-19388","post","type-post","status-publish","format-standard","has-post-thumbnail","hentry","category-noticias"],"_links":{"self":[{"href":"https:\/\/blogdorogeriogomes.com.br\/noticias\/wp-json\/wp\/v2\/posts\/19388","targetHints":{"allow":["GET"]}}],"collection":[{"href":"https:\/\/blogdorogeriogomes.com.br\/noticias\/wp-json\/wp\/v2\/posts"}],"about":[{"href":"https:\/\/blogdorogeriogomes.com.br\/noticias\/wp-json\/wp\/v2\/types\/post"}],"author":[{"embeddable":true,"href":"https:\/\/blogdorogeriogomes.com.br\/noticias\/wp-json\/wp\/v2\/users\/1"}],"replies":[{"embeddable":true,"href":"https:\/\/blogdorogeriogomes.com.br\/noticias\/wp-json\/wp\/v2\/comments?post=19388"}],"version-history":[{"count":1,"href":"https:\/\/blogdorogeriogomes.com.br\/noticias\/wp-json\/wp\/v2\/posts\/19388\/revisions"}],"predecessor-version":[{"id":19390,"href":"https:\/\/blogdorogeriogomes.com.br\/noticias\/wp-json\/wp\/v2\/posts\/19388\/revisions\/19390"}],"wp:featuredmedia":[{"embeddable":true,"href":"https:\/\/blogdorogeriogomes.com.br\/noticias\/wp-json\/wp\/v2\/media\/19389"}],"wp:attachment":[{"href":"https:\/\/blogdorogeriogomes.com.br\/noticias\/wp-json\/wp\/v2\/media?parent=19388"}],"wp:term":[{"taxonomy":"category","embeddable":true,"href":"https:\/\/blogdorogeriogomes.com.br\/noticias\/wp-json\/wp\/v2\/categories?post=19388"},{"taxonomy":"post_tag","embeddable":true,"href":"https:\/\/blogdorogeriogomes.com.br\/noticias\/wp-json\/wp\/v2\/tags?post=19388"}],"curies":[{"name":"wp","href":"https:\/\/api.w.org\/{rel}","templated":true}]}}