{"id":19391,"date":"2020-12-11T22:53:49","date_gmt":"2020-12-11T22:53:49","guid":{"rendered":"https:\/\/blogdorogeriogomes.com.br\/?p=19391"},"modified":"2020-12-14T13:33:21","modified_gmt":"2020-12-14T13:33:21","slug":"governo-do-ceara-amplia-horario-de-funcionamento-do-comercio-e-proibe-eventos-sociais-no-natal-e-ano-novo","status":"publish","type":"post","link":"https:\/\/blogdorogeriogomes.com.br\/noticias\/2020\/12\/governo-do-ceara-amplia-horario-de-funcionamento-do-comercio-e-proibe-eventos-sociais-no-natal-e-ano-novo\/","title":{"rendered":"Governo do Cear\u00e1 amplia hor\u00e1rio de funcionamento do com\u00e9rcio e pro\u00edbe eventos sociais no Natal e Ano Novo"},"content":{"rendered":"\n<p>Em novo decreto publicado nesta sexta-feira, dia 11 de dezembro, voltado ao per\u00edodo de Natal e R\u00e9veillon, o Governo do Cear\u00e1 decidiu pela amplia\u00e7\u00e3o do&nbsp;hor\u00e1rio&nbsp;de funcionamento do&nbsp;com\u00e9rcio e pro\u00edbe a realiza\u00e7\u00e3o de festas, eventos sociais e corporativos entre os dias 15 de dezembro e 4 de janeiro. O objetivo da a\u00e7\u00e3o \u00e9 evitar a propaga\u00e7\u00e3o de casos da Covid-19 por meio de aglomera\u00e7\u00f5es, visto que h\u00e1 not\u00f3rio aumento no n\u00famero de atendimentos e mortes nas \u00faltimas semanas em todo o Estado.<\/p>\n\n\n\n<p>&#8220;O objetivo \u00e9 frear a maior propaga\u00e7\u00e3o do v\u00edrus, at\u00e9 que tenhamos a vacina, cuja aquisi\u00e7\u00e3o estamos empreendendo todos os esfor\u00e7os para conseguir o mais r\u00e1pido poss\u00edvel. Estamos buscando preservar ao m\u00e1ximo a economia e os empregos&#8221;, afirmou o governador Camilo Santana (PT) em suas redes.<\/p>\n\n\n\n<p>A nova medida passa a valer a partir da pr\u00f3xima semana e foi definida ap\u00f3s reuni\u00e3o do Comit\u00ea de Enfrentamento \u00e0 Covid-19, que delibera sobre os decretos relativos \u00e0 pandemia, com participa\u00e7\u00e3o de membros do Executivo e autoridades da Sa\u00fade.<\/p>\n\n\n\n<p>Na \u00faltima semana, o n\u00famero de mortes pelo novo coronav\u00edrus no Cear\u00e1 aumentou 57,89% em Fortaleza e munic\u00edpios do Interior. Apenas na Capital, foi identificado aumento de 31,9% no n\u00famero de casos.<\/p>\n\n\n\n<figure class=\"wp-block-image size-large\"><img loading=\"lazy\" decoding=\"async\" width=\"1024\" height=\"666\" src=\"https:\/\/blogdorogeriogomes.com.br\/wp-content\/uploads\/2020\/12\/IMG-20201211-WA0132-1024x666.jpg\" alt=\"\" class=\"wp-image-19392\" srcset=\"https:\/\/blogdorogeriogomes.com.br\/noticias\/wp-content\/uploads\/2020\/12\/IMG-20201211-WA0132-1024x666.jpg 1024w, https:\/\/blogdorogeriogomes.com.br\/noticias\/wp-content\/uploads\/2020\/12\/IMG-20201211-WA0132-300x195.jpg 300w, https:\/\/blogdorogeriogomes.com.br\/noticias\/wp-content\/uploads\/2020\/12\/IMG-20201211-WA0132-768x499.jpg 768w, https:\/\/blogdorogeriogomes.com.br\/noticias\/wp-content\/uploads\/2020\/12\/IMG-20201211-WA0132-800x520.jpg 800w, https:\/\/blogdorogeriogomes.com.br\/noticias\/wp-content\/uploads\/2020\/12\/IMG-20201211-WA0132.jpg 1280w\" sizes=\"auto, (max-width: 1024px) 100vw, 1024px\" \/><\/figure>\n","protected":false},"excerpt":{"rendered":"<p>Em novo decreto publicado nesta sexta-feira, dia 11 de dezembro, voltado ao per\u00edodo de Natal e R\u00e9veillon, o Governo do Cear\u00e1 decidiu pela amplia\u00e7\u00e3o do&nbsp;hor\u00e1rio&nbsp;de funcionamento do&nbsp;com\u00e9rcio e pro\u00edbe a realiza\u00e7\u00e3o de festas, eventos sociais e corporativos entre os dias 15 de dezembro e 4 de janeiro. O objetivo da a\u00e7\u00e3o \u00e9 evitar a propaga\u00e7\u00e3o de casos da Covid-19 por meio de aglomera\u00e7\u00f5es, visto que h\u00e1 not\u00f3rio aumento no n\u00famero de atendimentos e mortes nas \u00faltimas semanas em todo&hellip;<\/p>\n","protected":false},"author":1,"featured_media":19392,"comment_status":"open","ping_status":"open","sticky":false,"template":"","format":"standard","meta":{"footnotes":""},"categories":[1],"tags":[],"class_list":["post-19391","post","type-post","status-publish","format-standard","has-post-thumbnail","hentry","category-noticias"],"_links":{"self":[{"href":"https:\/\/blogdorogeriogomes.com.br\/noticias\/wp-json\/wp\/v2\/posts\/19391","targetHints":{"allow":["GET"]}}],"collection":[{"href":"https:\/\/blogdorogeriogomes.com.br\/noticias\/wp-json\/wp\/v2\/posts"}],"about":[{"href":"https:\/\/blogdorogeriogomes.com.br\/noticias\/wp-json\/wp\/v2\/types\/post"}],"author":[{"embeddable":true,"href":"https:\/\/blogdorogeriogomes.com.br\/noticias\/wp-json\/wp\/v2\/users\/1"}],"replies":[{"embeddable":true,"href":"https:\/\/blogdorogeriogomes.com.br\/noticias\/wp-json\/wp\/v2\/comments?post=19391"}],"version-history":[{"count":2,"href":"https:\/\/blogdorogeriogomes.com.br\/noticias\/wp-json\/wp\/v2\/posts\/19391\/revisions"}],"predecessor-version":[{"id":19410,"href":"https:\/\/blogdorogeriogomes.com.br\/noticias\/wp-json\/wp\/v2\/posts\/19391\/revisions\/19410"}],"wp:featuredmedia":[{"embeddable":true,"href":"https:\/\/blogdorogeriogomes.com.br\/noticias\/wp-json\/wp\/v2\/media\/19392"}],"wp:attachment":[{"href":"https:\/\/blogdorogeriogomes.com.br\/noticias\/wp-json\/wp\/v2\/media?parent=19391"}],"wp:term":[{"taxonomy":"category","embeddable":true,"href":"https:\/\/blogdorogeriogomes.com.br\/noticias\/wp-json\/wp\/v2\/categories?post=19391"},{"taxonomy":"post_tag","embeddable":true,"href":"https:\/\/blogdorogeriogomes.com.br\/noticias\/wp-json\/wp\/v2\/tags?post=19391"}],"curies":[{"name":"wp","href":"https:\/\/api.w.org\/{rel}","templated":true}]}}