{"id":19400,"date":"2020-12-14T11:58:54","date_gmt":"2020-12-14T11:58:54","guid":{"rendered":"https:\/\/blogdorogeriogomes.com.br\/?p=19400"},"modified":"2020-12-14T13:30:13","modified_gmt":"2020-12-14T13:30:13","slug":"stf-da-prazo-de-48-horas-para-que-o-governo-federal-defina-uma-data-para-vacinacao-contra-a-covid-19","status":"publish","type":"post","link":"https:\/\/blogdorogeriogomes.com.br\/noticias\/2020\/12\/stf-da-prazo-de-48-horas-para-que-o-governo-federal-defina-uma-data-para-vacinacao-contra-a-covid-19\/","title":{"rendered":"STF d\u00e1 prazo de 48 horas para que o Governo Federal defina uma data para vacina\u00e7\u00e3o contra a Covid-19"},"content":{"rendered":"\n<p>O STF pressiona o Minist\u00e9rio da Sa\u00fade sobre a defini\u00e7\u00e3o de um plano nacional de vacina\u00e7\u00e3o contra a Covid-19. O ministro  Ricardo Lewandowski, do Supremo Tribunal Federal (STF), determinou que governo de Jair Bolsonaro informe, no prazo de 48 horas, quando pretende iniciar a campanha nacional de vacina\u00e7\u00e3o contra a Covid-19.&nbsp;<\/p>\n\n\n\n<p>A decis\u00e3o do ministro Lewandowski veio ap\u00f3s o ministro da Sa\u00fade, Eduardo Pazuello,  apresentar o plano nacional de imuniza\u00e7\u00e3o contra o coronav\u00edrus, sem divulgar uma data prevista para o in\u00edcio da vacina\u00e7\u00e3o.&nbsp;<\/p>\n\n\n\n<p>Ser\u00e3o necess\u00e1rias 108 milh\u00f5es de doses para vacinar 51 milh\u00f5es de brasileiros do grupo priorit\u00e1rio, que inclui trabalhadores de sa\u00fade e idosos, entre outros. O Minist\u00e9rio da Sa\u00fade n\u00e3o apresentou um cronograma para vacinar esse grupo.<\/p>\n\n\n\n<figure class=\"wp-block-image size-large\"><img loading=\"lazy\" decoding=\"async\" width=\"673\" height=\"456\" src=\"https:\/\/blogdorogeriogomes.com.br\/wp-content\/uploads\/2020\/12\/images-27.jpeg\" alt=\"\" class=\"wp-image-19401\" srcset=\"https:\/\/blogdorogeriogomes.com.br\/noticias\/wp-content\/uploads\/2020\/12\/images-27.jpeg 673w, https:\/\/blogdorogeriogomes.com.br\/noticias\/wp-content\/uploads\/2020\/12\/images-27-300x203.jpeg 300w\" sizes=\"auto, (max-width: 673px) 100vw, 673px\" \/><\/figure>\n\n\n\n<p><\/p>\n","protected":false},"excerpt":{"rendered":"<p>O STF pressiona o Minist\u00e9rio da Sa\u00fade sobre a defini\u00e7\u00e3o de um plano nacional de vacina\u00e7\u00e3o contra a Covid-19. O ministro Ricardo Lewandowski, do Supremo Tribunal Federal (STF), determinou que governo de Jair Bolsonaro informe, no prazo de 48 horas, quando pretende iniciar a campanha nacional de vacina\u00e7\u00e3o contra a Covid-19.&nbsp; A decis\u00e3o do ministro Lewandowski veio ap\u00f3s o ministro da Sa\u00fade, Eduardo Pazuello, apresentar o plano nacional de imuniza\u00e7\u00e3o contra o coronav\u00edrus, sem divulgar uma data prevista para&hellip;<\/p>\n","protected":false},"author":1,"featured_media":19401,"comment_status":"open","ping_status":"open","sticky":false,"template":"","format":"standard","meta":{"footnotes":""},"categories":[1],"tags":[],"class_list":["post-19400","post","type-post","status-publish","format-standard","has-post-thumbnail","hentry","category-noticias"],"_links":{"self":[{"href":"https:\/\/blogdorogeriogomes.com.br\/noticias\/wp-json\/wp\/v2\/posts\/19400","targetHints":{"allow":["GET"]}}],"collection":[{"href":"https:\/\/blogdorogeriogomes.com.br\/noticias\/wp-json\/wp\/v2\/posts"}],"about":[{"href":"https:\/\/blogdorogeriogomes.com.br\/noticias\/wp-json\/wp\/v2\/types\/post"}],"author":[{"embeddable":true,"href":"https:\/\/blogdorogeriogomes.com.br\/noticias\/wp-json\/wp\/v2\/users\/1"}],"replies":[{"embeddable":true,"href":"https:\/\/blogdorogeriogomes.com.br\/noticias\/wp-json\/wp\/v2\/comments?post=19400"}],"version-history":[{"count":2,"href":"https:\/\/blogdorogeriogomes.com.br\/noticias\/wp-json\/wp\/v2\/posts\/19400\/revisions"}],"predecessor-version":[{"id":19406,"href":"https:\/\/blogdorogeriogomes.com.br\/noticias\/wp-json\/wp\/v2\/posts\/19400\/revisions\/19406"}],"wp:featuredmedia":[{"embeddable":true,"href":"https:\/\/blogdorogeriogomes.com.br\/noticias\/wp-json\/wp\/v2\/media\/19401"}],"wp:attachment":[{"href":"https:\/\/blogdorogeriogomes.com.br\/noticias\/wp-json\/wp\/v2\/media?parent=19400"}],"wp:term":[{"taxonomy":"category","embeddable":true,"href":"https:\/\/blogdorogeriogomes.com.br\/noticias\/wp-json\/wp\/v2\/categories?post=19400"},{"taxonomy":"post_tag","embeddable":true,"href":"https:\/\/blogdorogeriogomes.com.br\/noticias\/wp-json\/wp\/v2\/tags?post=19400"}],"curies":[{"name":"wp","href":"https:\/\/api.w.org\/{rel}","templated":true}]}}