{"id":19403,"date":"2020-12-14T12:14:50","date_gmt":"2020-12-14T12:14:50","guid":{"rendered":"https:\/\/blogdorogeriogomes.com.br\/?p=19403"},"modified":"2020-12-14T13:31:06","modified_gmt":"2020-12-14T13:31:06","slug":"governo-estadual-lanca-programa-cuidar-melhor-que-visa-fortalecer-parceria-com-municipios-do-interior","status":"publish","type":"post","link":"https:\/\/blogdorogeriogomes.com.br\/noticias\/2020\/12\/governo-estadual-lanca-programa-cuidar-melhor-que-visa-fortalecer-parceria-com-municipios-do-interior\/","title":{"rendered":"Governo Estadual lan\u00e7a Programa Cuidar Melhor que visa fortalecer parceria com munic\u00edpios do interior"},"content":{"rendered":"\n<p>O governador do Cear\u00e1, Camilo Santana e o secret\u00e1rio da Sa\u00fade, Dr. Cabeto, lan\u00e7am nesta segunda-feira, dia 14 de dezembro, o Programa Cuidar Melhor, iniciativa pioneira no Pa\u00eds que tem por objetivo a coopera\u00e7\u00e3o entre munic\u00edpios, estado e sociedade civil visando a melhoria da sa\u00fade, com foco na redu\u00e7\u00e3o da mortalidade infantil, redu\u00e7\u00e3o da mortalidade por AVC e infarto, e redu\u00e7\u00e3o da mortalidade por acidente de tr\u00e2nsito envolvendo motocicletas; al\u00e9m de fortalecer as redes de sa\u00fade e a atua\u00e7\u00e3o regional, proporcionando mais qualidade de vida para a popula\u00e7\u00e3o cearense.<\/p>\n\n\n\n<figure class=\"wp-block-image size-large\"><img loading=\"lazy\" decoding=\"async\" width=\"689\" height=\"445\" src=\"https:\/\/blogdorogeriogomes.com.br\/wp-content\/uploads\/2020\/12\/images-28.jpeg\" alt=\"\" class=\"wp-image-19404\" srcset=\"https:\/\/blogdorogeriogomes.com.br\/noticias\/wp-content\/uploads\/2020\/12\/images-28.jpeg 689w, https:\/\/blogdorogeriogomes.com.br\/noticias\/wp-content\/uploads\/2020\/12\/images-28-300x194.jpeg 300w\" sizes=\"auto, (max-width: 689px) 100vw, 689px\" \/><\/figure>\n","protected":false},"excerpt":{"rendered":"<p>O governador do Cear\u00e1, Camilo Santana e o secret\u00e1rio da Sa\u00fade, Dr. Cabeto, lan\u00e7am nesta segunda-feira, dia 14 de dezembro, o Programa Cuidar Melhor, iniciativa pioneira no Pa\u00eds que tem por objetivo a coopera\u00e7\u00e3o entre munic\u00edpios, estado e sociedade civil visando a melhoria da sa\u00fade, com foco na redu\u00e7\u00e3o da mortalidade infantil, redu\u00e7\u00e3o da mortalidade por AVC e infarto, e redu\u00e7\u00e3o da mortalidade por acidente de tr\u00e2nsito envolvendo motocicletas; al\u00e9m de fortalecer as redes de sa\u00fade e a atua\u00e7\u00e3o&hellip;<\/p>\n","protected":false},"author":1,"featured_media":19404,"comment_status":"open","ping_status":"open","sticky":false,"template":"","format":"standard","meta":{"footnotes":""},"categories":[1],"tags":[],"class_list":["post-19403","post","type-post","status-publish","format-standard","has-post-thumbnail","hentry","category-noticias"],"_links":{"self":[{"href":"https:\/\/blogdorogeriogomes.com.br\/noticias\/wp-json\/wp\/v2\/posts\/19403","targetHints":{"allow":["GET"]}}],"collection":[{"href":"https:\/\/blogdorogeriogomes.com.br\/noticias\/wp-json\/wp\/v2\/posts"}],"about":[{"href":"https:\/\/blogdorogeriogomes.com.br\/noticias\/wp-json\/wp\/v2\/types\/post"}],"author":[{"embeddable":true,"href":"https:\/\/blogdorogeriogomes.com.br\/noticias\/wp-json\/wp\/v2\/users\/1"}],"replies":[{"embeddable":true,"href":"https:\/\/blogdorogeriogomes.com.br\/noticias\/wp-json\/wp\/v2\/comments?post=19403"}],"version-history":[{"count":1,"href":"https:\/\/blogdorogeriogomes.com.br\/noticias\/wp-json\/wp\/v2\/posts\/19403\/revisions"}],"predecessor-version":[{"id":19405,"href":"https:\/\/blogdorogeriogomes.com.br\/noticias\/wp-json\/wp\/v2\/posts\/19403\/revisions\/19405"}],"wp:featuredmedia":[{"embeddable":true,"href":"https:\/\/blogdorogeriogomes.com.br\/noticias\/wp-json\/wp\/v2\/media\/19404"}],"wp:attachment":[{"href":"https:\/\/blogdorogeriogomes.com.br\/noticias\/wp-json\/wp\/v2\/media?parent=19403"}],"wp:term":[{"taxonomy":"category","embeddable":true,"href":"https:\/\/blogdorogeriogomes.com.br\/noticias\/wp-json\/wp\/v2\/categories?post=19403"},{"taxonomy":"post_tag","embeddable":true,"href":"https:\/\/blogdorogeriogomes.com.br\/noticias\/wp-json\/wp\/v2\/tags?post=19403"}],"curies":[{"name":"wp","href":"https:\/\/api.w.org\/{rel}","templated":true}]}}