{"id":19416,"date":"2020-12-14T17:56:07","date_gmt":"2020-12-14T17:56:07","guid":{"rendered":"https:\/\/blogdorogeriogomes.com.br\/?p=19416"},"modified":"2020-12-15T14:41:22","modified_gmt":"2020-12-15T14:41:22","slug":"prefeitura-de-fortaleza-paga-segunda-parcela-do-13-salario-na-proxima-sexta-feira","status":"publish","type":"post","link":"https:\/\/blogdorogeriogomes.com.br\/noticias\/2020\/12\/prefeitura-de-fortaleza-paga-segunda-parcela-do-13-salario-na-proxima-sexta-feira\/","title":{"rendered":"Prefeitura de Fortaleza paga segunda parcela do 13\u00b0 sal\u00e1rio na pr\u00f3xima sexta-feira"},"content":{"rendered":"\n<p>Os servidores municipais de Fortaleza recebem o pagamento da segunda parcela do 13\u00b0 sal\u00e1rio, na pr\u00f3xima sexta-feira, dia 18 de dezembro. V\u00e3o receber servidores ativos, aposentados e pensionistas.&nbsp;A segunda parcela corresponde a 60% do valor total. S\u00e3o cerca de 53 mil beneficiados com o recurso extra, num somat\u00f3rio de R$ 214 milh\u00f5es de reais.&nbsp;A primeira parcela foi paga de forma antecipada em agosto.<\/p>\n\n\n\n<p>Com a soma da folha de pagamento de novembro, paga no dia 1\u00ba de dezembro, e a folha de dezembro, paga no dia 1\u00b0 de janeiro de 2021, e a segunda parcela do 13\u00b0 sal\u00e1rio, ser\u00e3o, ao todo, R$ 786 milh\u00f5es injetados na economia da Capital.<\/p>\n\n\n\n<figure class=\"wp-block-image size-large\"><img loading=\"lazy\" decoding=\"async\" width=\"620\" height=\"430\" src=\"https:\/\/blogdorogeriogomes.com.br\/wp-content\/uploads\/2020\/12\/images-29.jpeg\" alt=\"\" class=\"wp-image-19417\" srcset=\"https:\/\/blogdorogeriogomes.com.br\/noticias\/wp-content\/uploads\/2020\/12\/images-29.jpeg 620w, https:\/\/blogdorogeriogomes.com.br\/noticias\/wp-content\/uploads\/2020\/12\/images-29-300x208.jpeg 300w\" sizes=\"auto, (max-width: 620px) 100vw, 620px\" \/><\/figure>\n","protected":false},"excerpt":{"rendered":"<p>Os servidores municipais de Fortaleza recebem o pagamento da segunda parcela do 13\u00b0 sal\u00e1rio, na pr\u00f3xima sexta-feira, dia 18 de dezembro. V\u00e3o receber servidores ativos, aposentados e pensionistas.&nbsp;A segunda parcela corresponde a 60% do valor total. S\u00e3o cerca de 53 mil beneficiados com o recurso extra, num somat\u00f3rio de R$ 214 milh\u00f5es de reais.&nbsp;A primeira parcela foi paga de forma antecipada em agosto. Com a soma da folha de pagamento de novembro, paga no dia 1\u00ba de dezembro, e&hellip;<\/p>\n","protected":false},"author":1,"featured_media":19417,"comment_status":"open","ping_status":"open","sticky":false,"template":"","format":"standard","meta":{"footnotes":""},"categories":[1],"tags":[],"class_list":["post-19416","post","type-post","status-publish","format-standard","has-post-thumbnail","hentry","category-noticias"],"_links":{"self":[{"href":"https:\/\/blogdorogeriogomes.com.br\/noticias\/wp-json\/wp\/v2\/posts\/19416","targetHints":{"allow":["GET"]}}],"collection":[{"href":"https:\/\/blogdorogeriogomes.com.br\/noticias\/wp-json\/wp\/v2\/posts"}],"about":[{"href":"https:\/\/blogdorogeriogomes.com.br\/noticias\/wp-json\/wp\/v2\/types\/post"}],"author":[{"embeddable":true,"href":"https:\/\/blogdorogeriogomes.com.br\/noticias\/wp-json\/wp\/v2\/users\/1"}],"replies":[{"embeddable":true,"href":"https:\/\/blogdorogeriogomes.com.br\/noticias\/wp-json\/wp\/v2\/comments?post=19416"}],"version-history":[{"count":2,"href":"https:\/\/blogdorogeriogomes.com.br\/noticias\/wp-json\/wp\/v2\/posts\/19416\/revisions"}],"predecessor-version":[{"id":19434,"href":"https:\/\/blogdorogeriogomes.com.br\/noticias\/wp-json\/wp\/v2\/posts\/19416\/revisions\/19434"}],"wp:featuredmedia":[{"embeddable":true,"href":"https:\/\/blogdorogeriogomes.com.br\/noticias\/wp-json\/wp\/v2\/media\/19417"}],"wp:attachment":[{"href":"https:\/\/blogdorogeriogomes.com.br\/noticias\/wp-json\/wp\/v2\/media?parent=19416"}],"wp:term":[{"taxonomy":"category","embeddable":true,"href":"https:\/\/blogdorogeriogomes.com.br\/noticias\/wp-json\/wp\/v2\/categories?post=19416"},{"taxonomy":"post_tag","embeddable":true,"href":"https:\/\/blogdorogeriogomes.com.br\/noticias\/wp-json\/wp\/v2\/tags?post=19416"}],"curies":[{"name":"wp","href":"https:\/\/api.w.org\/{rel}","templated":true}]}}