{"id":19429,"date":"2020-12-15T09:48:16","date_gmt":"2020-12-15T09:48:16","guid":{"rendered":"https:\/\/blogdorogeriogomes.com.br\/?p=19429"},"modified":"2020-12-15T14:40:26","modified_gmt":"2020-12-15T14:40:26","slug":"governo-do-ceara-paga-a-segunda-parcela-do-13-salario-dos-servidores-estaduais-nesta-terca-feira","status":"publish","type":"post","link":"https:\/\/blogdorogeriogomes.com.br\/noticias\/2020\/12\/governo-do-ceara-paga-a-segunda-parcela-do-13-salario-dos-servidores-estaduais-nesta-terca-feira\/","title":{"rendered":"Governo do Cear\u00e1 paga a segunda parcela do 13\u00b0 sal\u00e1rio dos servidores estaduais nesta ter\u00e7a-feira"},"content":{"rendered":"\n<p>O Governo do Cear\u00e1 anuncia o pagamento da segunda parcela do 13\u00ba sal\u00e1rio dos servidores p\u00fablicos estaduais para esta ter\u00e7a-feira, dia 15 de dezembro. S\u00e3o 181 mil funcion\u00e1rios que recebem o benef\u00edcio, totalizando uma inje\u00e7\u00e3o de R$ 2 bilh\u00f5es e 450 milh\u00f5es de reais na economia cearense neste m\u00eas, incluindo as folhas de novembro e dezembro.<\/p>\n\n\n\n<p>&#8220;Encerramos, assim, mais um ano pagando nossos servidores rigorosamente em dia, apesar da crise econ\u00f4mica enfrentada em nosso pa\u00eds&#8221;, destacou o governador Camilo Santana.<\/p>\n\n\n\n<figure class=\"wp-block-image size-large\"><img loading=\"lazy\" decoding=\"async\" width=\"678\" height=\"452\" src=\"https:\/\/blogdorogeriogomes.com.br\/wp-content\/uploads\/2020\/12\/images-1.jpeg\" alt=\"\" class=\"wp-image-19430\" srcset=\"https:\/\/blogdorogeriogomes.com.br\/noticias\/wp-content\/uploads\/2020\/12\/images-1.jpeg 678w, https:\/\/blogdorogeriogomes.com.br\/noticias\/wp-content\/uploads\/2020\/12\/images-1-300x200.jpeg 300w\" sizes=\"auto, (max-width: 678px) 100vw, 678px\" \/><\/figure>\n","protected":false},"excerpt":{"rendered":"<p>O Governo do Cear\u00e1 anuncia o pagamento da segunda parcela do 13\u00ba sal\u00e1rio dos servidores p\u00fablicos estaduais para esta ter\u00e7a-feira, dia 15 de dezembro. S\u00e3o 181 mil funcion\u00e1rios que recebem o benef\u00edcio, totalizando uma inje\u00e7\u00e3o de R$ 2 bilh\u00f5es e 450 milh\u00f5es de reais na economia cearense neste m\u00eas, incluindo as folhas de novembro e dezembro. &#8220;Encerramos, assim, mais um ano pagando nossos servidores rigorosamente em dia, apesar da crise econ\u00f4mica enfrentada em nosso pa\u00eds&#8221;, destacou o governador Camilo&hellip;<\/p>\n","protected":false},"author":1,"featured_media":19430,"comment_status":"open","ping_status":"open","sticky":false,"template":"","format":"standard","meta":{"footnotes":""},"categories":[1],"tags":[],"class_list":["post-19429","post","type-post","status-publish","format-standard","has-post-thumbnail","hentry","category-noticias"],"_links":{"self":[{"href":"https:\/\/blogdorogeriogomes.com.br\/noticias\/wp-json\/wp\/v2\/posts\/19429","targetHints":{"allow":["GET"]}}],"collection":[{"href":"https:\/\/blogdorogeriogomes.com.br\/noticias\/wp-json\/wp\/v2\/posts"}],"about":[{"href":"https:\/\/blogdorogeriogomes.com.br\/noticias\/wp-json\/wp\/v2\/types\/post"}],"author":[{"embeddable":true,"href":"https:\/\/blogdorogeriogomes.com.br\/noticias\/wp-json\/wp\/v2\/users\/1"}],"replies":[{"embeddable":true,"href":"https:\/\/blogdorogeriogomes.com.br\/noticias\/wp-json\/wp\/v2\/comments?post=19429"}],"version-history":[{"count":1,"href":"https:\/\/blogdorogeriogomes.com.br\/noticias\/wp-json\/wp\/v2\/posts\/19429\/revisions"}],"predecessor-version":[{"id":19431,"href":"https:\/\/blogdorogeriogomes.com.br\/noticias\/wp-json\/wp\/v2\/posts\/19429\/revisions\/19431"}],"wp:featuredmedia":[{"embeddable":true,"href":"https:\/\/blogdorogeriogomes.com.br\/noticias\/wp-json\/wp\/v2\/media\/19430"}],"wp:attachment":[{"href":"https:\/\/blogdorogeriogomes.com.br\/noticias\/wp-json\/wp\/v2\/media?parent=19429"}],"wp:term":[{"taxonomy":"category","embeddable":true,"href":"https:\/\/blogdorogeriogomes.com.br\/noticias\/wp-json\/wp\/v2\/categories?post=19429"},{"taxonomy":"post_tag","embeddable":true,"href":"https:\/\/blogdorogeriogomes.com.br\/noticias\/wp-json\/wp\/v2\/tags?post=19429"}],"curies":[{"name":"wp","href":"https:\/\/api.w.org\/{rel}","templated":true}]}}