{"id":19436,"date":"2020-12-15T16:21:54","date_gmt":"2020-12-15T16:21:54","guid":{"rendered":"https:\/\/blogdorogeriogomes.com.br\/?p=19436"},"modified":"2020-12-16T15:22:51","modified_gmt":"2020-12-16T15:22:51","slug":"camilo-se-reune-com-joao-doria-para-aquisicao-de-vacina-e-defende-inclusao-da-coronavac-no-plano-nacional-de-imunizacao","status":"publish","type":"post","link":"https:\/\/blogdorogeriogomes.com.br\/noticias\/2020\/12\/camilo-se-reune-com-joao-doria-para-aquisicao-de-vacina-e-defende-inclusao-da-coronavac-no-plano-nacional-de-imunizacao\/","title":{"rendered":"Camilo se re\u00fane com Jo\u00e3o D\u00f3ria para aquisi\u00e7\u00e3o de vacina e defende inclus\u00e3o da CoronaVac no Plano Nacional de Imuniza\u00e7\u00e3o"},"content":{"rendered":"\n<p>O governador Camilo Santana (PT) se reuniu com o governador de S\u00e3o Paulo, Jo\u00e3o D\u00f3ria (PSDB), nesta ter\u00e7a-feira, dia 15 de dezembro, para articular a aquisi\u00e7\u00e3o da CoronaVac, vacina contra a Covid-19 produzida em parceria entre o Instituto Butantan e a fabricante chinesa Sinovac. Na ocasi\u00e3o, Camilo defendeu a necessidade do imunizante ser inclu\u00eddo no Plano Nacional de Imuniza\u00e7\u00e3o do governo federal, que ser\u00e1 divulgado ainda nesta semana, conforme j\u00e1 confirmou o ministro da Sa\u00fade, Eduardo Pazuello.<\/p>\n\n\n\n<p>\u201cO objetivo de todos n\u00f3s governadores \u00e9 garantir a vacina\u00e7\u00e3o para a popula\u00e7\u00e3o dos nossos estados. Sabemos que o Butantan \u00e9 uma institui\u00e7\u00e3o reconhecida no mundo inteiro, a maior fornecedora de vacinas ao Minist\u00e9rio da Sa\u00fade, ent\u00e3o esperamos que a produ\u00e7\u00e3o seja inclu\u00edda no plano Nacional, \u00e9 o nosso desejo\u201d, afirmou Camilo Santana.<\/p>\n\n\n\n<p>Para D\u00f3ria, este \u00e9 um passo importante para que a vacina desenvolvida no Butantan seja aprovada e &#8220;comece a vacina\u00e7\u00e3o de todos os brasileiros&#8221;. At\u00e9 o momento, a CoronaVac ainda n\u00e3o \u00e9 reconhecida pelo Minist\u00e9rio da Sa\u00fade, por isso est\u00e1 fora do Plano Nacional.<\/p>\n\n\n\n<p>Na \u00faltima segunda-feira, Camilo tamb\u00e9m esteve reunido em Bras\u00edlia com Pazuello. De acordo com o governador, 15 milh\u00f5es de doses da vacina contra a Covid-19 ser\u00e3o produzidas pela Funda\u00e7\u00e3o Oswaldo Cruz (Fiocruz), em parceria com o laborat\u00f3rio Astrazeneca e a Universidade de Oxford, at\u00e9 o pr\u00f3ximo dia 15 de janeiro.<\/p>\n\n\n\n<p>Pazuello assegurou ao governador que a imuniza\u00e7\u00e3o contra o novo coronav\u00edrus ser\u00e1 iniciada assim que houver o registro definitivo ou emergencial da vacina, que ainda se encontra na \u00faltima fase de testes.<\/p>\n\n\n\n<p>O ministro disse ainda que o Plano Nacional de Imuniza\u00e7\u00e3o ser\u00e1 lan\u00e7ado ainda esta semana, e que a vacina dever\u00e1 chegar a 100 milh\u00f5es no pa\u00eds at\u00e9 o fim do primeiro semestre de 2021. O planejamento ser\u00e1 desenvolvido junto a outros planos regionais, com governos e prefeituras em territ\u00f3rio nacional.<\/p>\n\n\n\n<p>&#8220;A primeira que estiver pronta ser\u00e1 a vacina iniciada, seja da Pfizer, seja a AstraZeneca, seja do Butantan. A primeira que estiver registrada, seja iniciada a vacina\u00e7\u00e3o no Brasil&#8221;, afirmou Camilo.<\/p>\n\n\n\n<p>A campanha de imuniza\u00e7\u00e3o no Pa\u00eds dever\u00e1 ter in\u00edcio em fevereiro, ap\u00f3s aval da Ag\u00eancia Nacional de Vigil\u00e2ncia Sanit\u00e1ria (Anvisa) sobre os imunizantes.<\/p>\n\n\n\n<figure class=\"wp-block-image size-large\"><img loading=\"lazy\" decoding=\"async\" width=\"853\" height=\"479\" src=\"https:\/\/blogdorogeriogomes.com.br\/wp-content\/uploads\/2020\/12\/Camilo-Santana-e-Jo-o-Doria.jpeg\" alt=\"\" class=\"wp-image-19437\" srcset=\"https:\/\/blogdorogeriogomes.com.br\/noticias\/wp-content\/uploads\/2020\/12\/Camilo-Santana-e-Jo-o-Doria.jpeg 853w, https:\/\/blogdorogeriogomes.com.br\/noticias\/wp-content\/uploads\/2020\/12\/Camilo-Santana-e-Jo-o-Doria-300x168.jpeg 300w, https:\/\/blogdorogeriogomes.com.br\/noticias\/wp-content\/uploads\/2020\/12\/Camilo-Santana-e-Jo-o-Doria-768x431.jpeg 768w, https:\/\/blogdorogeriogomes.com.br\/noticias\/wp-content\/uploads\/2020\/12\/Camilo-Santana-e-Jo-o-Doria-800x449.jpeg 800w\" sizes=\"auto, (max-width: 853px) 100vw, 853px\" \/><\/figure>\n","protected":false},"excerpt":{"rendered":"<p>O governador Camilo Santana (PT) se reuniu com o governador de S\u00e3o Paulo, Jo\u00e3o D\u00f3ria (PSDB), nesta ter\u00e7a-feira, dia 15 de dezembro, para articular a aquisi\u00e7\u00e3o da CoronaVac, vacina contra a Covid-19 produzida em parceria entre o Instituto Butantan e a fabricante chinesa Sinovac. Na ocasi\u00e3o, Camilo defendeu a necessidade do imunizante ser inclu\u00eddo no Plano Nacional de Imuniza\u00e7\u00e3o do governo federal, que ser\u00e1 divulgado ainda nesta semana, conforme j\u00e1 confirmou o ministro da Sa\u00fade, Eduardo Pazuello. \u201cO objetivo&hellip;<\/p>\n","protected":false},"author":1,"featured_media":19437,"comment_status":"open","ping_status":"open","sticky":false,"template":"","format":"standard","meta":{"footnotes":""},"categories":[1],"tags":[],"class_list":["post-19436","post","type-post","status-publish","format-standard","has-post-thumbnail","hentry","category-noticias"],"_links":{"self":[{"href":"https:\/\/blogdorogeriogomes.com.br\/noticias\/wp-json\/wp\/v2\/posts\/19436","targetHints":{"allow":["GET"]}}],"collection":[{"href":"https:\/\/blogdorogeriogomes.com.br\/noticias\/wp-json\/wp\/v2\/posts"}],"about":[{"href":"https:\/\/blogdorogeriogomes.com.br\/noticias\/wp-json\/wp\/v2\/types\/post"}],"author":[{"embeddable":true,"href":"https:\/\/blogdorogeriogomes.com.br\/noticias\/wp-json\/wp\/v2\/users\/1"}],"replies":[{"embeddable":true,"href":"https:\/\/blogdorogeriogomes.com.br\/noticias\/wp-json\/wp\/v2\/comments?post=19436"}],"version-history":[{"count":1,"href":"https:\/\/blogdorogeriogomes.com.br\/noticias\/wp-json\/wp\/v2\/posts\/19436\/revisions"}],"predecessor-version":[{"id":19438,"href":"https:\/\/blogdorogeriogomes.com.br\/noticias\/wp-json\/wp\/v2\/posts\/19436\/revisions\/19438"}],"wp:featuredmedia":[{"embeddable":true,"href":"https:\/\/blogdorogeriogomes.com.br\/noticias\/wp-json\/wp\/v2\/media\/19437"}],"wp:attachment":[{"href":"https:\/\/blogdorogeriogomes.com.br\/noticias\/wp-json\/wp\/v2\/media?parent=19436"}],"wp:term":[{"taxonomy":"category","embeddable":true,"href":"https:\/\/blogdorogeriogomes.com.br\/noticias\/wp-json\/wp\/v2\/categories?post=19436"},{"taxonomy":"post_tag","embeddable":true,"href":"https:\/\/blogdorogeriogomes.com.br\/noticias\/wp-json\/wp\/v2\/tags?post=19436"}],"curies":[{"name":"wp","href":"https:\/\/api.w.org\/{rel}","templated":true}]}}