{"id":19440,"date":"2020-12-15T20:29:14","date_gmt":"2020-12-15T20:29:14","guid":{"rendered":"https:\/\/blogdorogeriogomes.com.br\/?p=19440"},"modified":"2020-12-16T15:22:01","modified_gmt":"2020-12-16T15:22:01","slug":"camara-municipal-de-fortaleza-define-formato-remoto-para-a-solenidade-de-posse-de-prefeito-vice-e-vereadores-no-dia-1o-de-janeiro","status":"publish","type":"post","link":"https:\/\/blogdorogeriogomes.com.br\/noticias\/2020\/12\/camara-municipal-de-fortaleza-define-formato-remoto-para-a-solenidade-de-posse-de-prefeito-vice-e-vereadores-no-dia-1o-de-janeiro\/","title":{"rendered":"C\u00e2mara Municipal de Fortaleza define formato remoto para a solenidade de posse de prefeito, vice e vereadores no dia 1\u00ba de janeiro"},"content":{"rendered":"\n<p>A C\u00e2mara Municipal de Fortaleza vai realizar a posse dos vereadores da 19\u00aa Legislatura, do prefeito eleito da Capital, Sarto Nogueira (PDT) e do vice-prefeito eleito, Elcio Batista (PSB) no dia 1\u00ba de janeiro, respeitando todos os protocolos de seguran\u00e7a sanit\u00e1ria e o Decreto Estadual relativo \u00e0 Covid-19. Para isso, o Legislativo Municipal prepara uma s\u00e9rie de cuidados para a solenidade, que tamb\u00e9m marcar\u00e1 a elei\u00e7\u00e3o da Mesa Diretora para o bi\u00eanio 2021-2022. A transmiss\u00e3o de cargo do atual prefeito Roberto Cl\u00e1udio para o novo chefe do Executivo Municipal, Sarto Nogueira, tamb\u00e9m ser\u00e1 virtual.<\/p>\n\n\n\n<p>Na C\u00e2mara, os vereadores dever\u00e3o participar da solenidade de forma virtual, a partir de seus gabinetes. O Plen\u00e1rio Fausto Arruda dever\u00e1 ser ocupado pelo vereador que presidir\u00e1 a sess\u00e3o, no caso, de acordo com o novo Regimento, o vereador mais idoso dentre os de maior n\u00famero de legislaturas presentes. <\/p>\n\n\n\n<p>Os parlamentares ser\u00e3o convocados, individualmente, a se deslocar at\u00e9 o ambiente apenas para a assinatura da ata de posse.<\/p>\n\n\n\n<p>&#8220;Esses cuidados s\u00e3o fundamentais para que a gente garanta a seguran\u00e7a de todos que dever\u00e3o participar do evento de maneira presencial. Nosso objetivo \u00e9 respeitar o decreto do Governo do Estado com rigor e responsabilidade. Tenho certeza que, com esse novo formato, estaremos cuidando da sa\u00fade das pessoas e, ao mesmo tempo, realizando um rito fundamental para a nossa democracia&#8221;, resume o Ant\u00f4nio Henrique (PDT), presidente da C\u00e2mara Municipal de Fortaleza.<\/p>\n\n\n\n<p>O acesso \u00e0 Casa, incluindo o Plen\u00e1rio e os gabinetes, ser\u00e3o restritos. O p\u00fablico poder\u00e1 acompanhar a solenidade ao vivo pela TV Fortaleza (Canal 7.2), pela R\u00e1dio Fortaleza (90.7 FM) e pelo Portal Oficial da C\u00e2mara Municipal de Fortaleza (cmfor.ce.gov.br).<\/p>\n\n\n\n<figure class=\"wp-block-image size-large\"><img loading=\"lazy\" decoding=\"async\" width=\"1024\" height=\"576\" src=\"https:\/\/blogdorogeriogomes.com.br\/wp-content\/uploads\/2020\/12\/Camara-Municipal-de-Fortaleza-Plenario-1-1024x576.jpg\" alt=\"\" class=\"wp-image-19441\" srcset=\"https:\/\/blogdorogeriogomes.com.br\/noticias\/wp-content\/uploads\/2020\/12\/Camara-Municipal-de-Fortaleza-Plenario-1-1024x576.jpg 1024w, https:\/\/blogdorogeriogomes.com.br\/noticias\/wp-content\/uploads\/2020\/12\/Camara-Municipal-de-Fortaleza-Plenario-1-300x169.jpg 300w, https:\/\/blogdorogeriogomes.com.br\/noticias\/wp-content\/uploads\/2020\/12\/Camara-Municipal-de-Fortaleza-Plenario-1-768x432.jpg 768w, https:\/\/blogdorogeriogomes.com.br\/noticias\/wp-content\/uploads\/2020\/12\/Camara-Municipal-de-Fortaleza-Plenario-1-1536x863.jpg 1536w, https:\/\/blogdorogeriogomes.com.br\/noticias\/wp-content\/uploads\/2020\/12\/Camara-Municipal-de-Fortaleza-Plenario-1-800x450.jpg 800w, https:\/\/blogdorogeriogomes.com.br\/noticias\/wp-content\/uploads\/2020\/12\/Camara-Municipal-de-Fortaleza-Plenario-1.jpg 1555w\" sizes=\"auto, (max-width: 1024px) 100vw, 1024px\" \/><\/figure>\n","protected":false},"excerpt":{"rendered":"<p>A C\u00e2mara Municipal de Fortaleza vai realizar a posse dos vereadores da 19\u00aa Legislatura, do prefeito eleito da Capital, Sarto Nogueira (PDT) e do vice-prefeito eleito, Elcio Batista (PSB) no dia 1\u00ba de janeiro, respeitando todos os protocolos de seguran\u00e7a sanit\u00e1ria e o Decreto Estadual relativo \u00e0 Covid-19. Para isso, o Legislativo Municipal prepara uma s\u00e9rie de cuidados para a solenidade, que tamb\u00e9m marcar\u00e1 a elei\u00e7\u00e3o da Mesa Diretora para o bi\u00eanio 2021-2022. A transmiss\u00e3o de cargo do atual&hellip;<\/p>\n","protected":false},"author":1,"featured_media":19441,"comment_status":"open","ping_status":"open","sticky":false,"template":"","format":"standard","meta":{"footnotes":""},"categories":[1],"tags":[],"class_list":["post-19440","post","type-post","status-publish","format-standard","has-post-thumbnail","hentry","category-noticias"],"_links":{"self":[{"href":"https:\/\/blogdorogeriogomes.com.br\/noticias\/wp-json\/wp\/v2\/posts\/19440","targetHints":{"allow":["GET"]}}],"collection":[{"href":"https:\/\/blogdorogeriogomes.com.br\/noticias\/wp-json\/wp\/v2\/posts"}],"about":[{"href":"https:\/\/blogdorogeriogomes.com.br\/noticias\/wp-json\/wp\/v2\/types\/post"}],"author":[{"embeddable":true,"href":"https:\/\/blogdorogeriogomes.com.br\/noticias\/wp-json\/wp\/v2\/users\/1"}],"replies":[{"embeddable":true,"href":"https:\/\/blogdorogeriogomes.com.br\/noticias\/wp-json\/wp\/v2\/comments?post=19440"}],"version-history":[{"count":1,"href":"https:\/\/blogdorogeriogomes.com.br\/noticias\/wp-json\/wp\/v2\/posts\/19440\/revisions"}],"predecessor-version":[{"id":19442,"href":"https:\/\/blogdorogeriogomes.com.br\/noticias\/wp-json\/wp\/v2\/posts\/19440\/revisions\/19442"}],"wp:featuredmedia":[{"embeddable":true,"href":"https:\/\/blogdorogeriogomes.com.br\/noticias\/wp-json\/wp\/v2\/media\/19441"}],"wp:attachment":[{"href":"https:\/\/blogdorogeriogomes.com.br\/noticias\/wp-json\/wp\/v2\/media?parent=19440"}],"wp:term":[{"taxonomy":"category","embeddable":true,"href":"https:\/\/blogdorogeriogomes.com.br\/noticias\/wp-json\/wp\/v2\/categories?post=19440"},{"taxonomy":"post_tag","embeddable":true,"href":"https:\/\/blogdorogeriogomes.com.br\/noticias\/wp-json\/wp\/v2\/tags?post=19440"}],"curies":[{"name":"wp","href":"https:\/\/api.w.org\/{rel}","templated":true}]}}